{"id":106951,"date":"2025-02-27T11:53:21","date_gmt":"2025-02-27T11:53:21","guid":{"rendered":"https:\/\/tvbrazilusa.com\/2025\/02\/27\/antes-de-emitir-nota-contra-os-eua-itamaraty-consultou-moraes\/"},"modified":"2025-02-27T11:53:23","modified_gmt":"2025-02-27T11:53:23","slug":"antes-de-emitir-nota-contra-os-eua-itamaraty-consultou-moraes","status":"publish","type":"post","link":"https:\/\/tvbrazilusa.com\/pt\/2025\/02\/27\/antes-de-emitir-nota-contra-os-eua-itamaraty-consultou-moraes\/","title":{"rendered":"Antes de emitir nota contra os EUA, Itamaraty consultou Moraes"},"content":{"rendered":"<p> <script async src=\"https:\/\/pagead2.googlesyndication.com\/pagead\/js\/adsbygoogle.js?client=ca-pub-8864793242727901\"\r\n     crossorigin=\"anonymous\"><\/script><br \/>\n<\/p>\n<div id=\"taboola-read-more\" style=\"display:block; width:100%\">\n<p>Alvo indireto de cr\u00edticas do governo Donald Trump, o ministro Alexandre de Moraes, do Supremo Tribunal Federal (STF), foi consultado pelo Itamaraty antes da publica\u00e7\u00e3o de uma nota de rea\u00e7\u00e3o.\n<\/p>\n<p>Moraes foi ouvido tanto sobre aspectos jur\u00eddicos quanto sobre o conte\u00fado da postagem feita pelo Escrito\u0301rio de Assuntos do Hemisfe\u0301rio Ocidental dos Estados Unidos.<\/p>\n<p>At\u00e9 aqui, a orienta\u00e7\u00e3o do Minist\u00e9rio das Rela\u00e7\u00f5es Exteriores era evitar uma escalada e n\u00e3o cair em provoca\u00e7\u00f5es. Isso, no entanto, mudou ap\u00f3s a postagem feita pelos americanos na rede social X e uma resposta come\u00e7ou a ser constru\u00edda.\n<\/p>\n<p>Fontes da diplomacia avaliam que a batalha est\u00e1 s\u00f3 come\u00e7ando e que houve uma \u201cinstitucionaliza\u00e7\u00e3o\u201d, ainda que o Departamento de Hemisf\u00e9rio Ocidental tenha um n\u00edvel hier\u00e1rquico menor. Isso porque o \u00f3rg\u00e3o n\u00e3o deixa de ser um bra\u00e7o simb\u00f3lico do Departamento de Estado americano.\n<\/p>\n<p>A publica\u00e7\u00e3o foi lida como uma \u201cprovoca\u00e7\u00e3o\u201d, o que n\u00e3o poderia render ao Brasil a posi\u00e7\u00e3o de ficar em cima do muro. A resposta do Itamaraty, publicada horas depois da postagem americana, foi milimetricamente pensada para vir em um tom \u201cduro \u201c e \u201cproporcional\u201d.\n<\/p>\n<p>Reservadamente, h\u00e1 uma avalia\u00e7\u00e3o de que se o governo Trump dobrar a aposta e aumentar a press\u00e3o sobre o Brasil, a situa\u00e7\u00e3o pode escalar. A orienta\u00e7\u00e3o dada nesta quarta-feira (26) \u00e9 n\u00e3o retroceder.\n<\/p>\n<p><strong>CNN<\/strong>              <\/p>\n<\/div>\n<p><br \/>\n<br \/><a href=\"https:\/\/diariodobrasilnoticias.com.br\/noticia\/antes-de-emitir-nota-contra-os-eua-itamaraty-consultou-moraes-67c042311ff4f\">Source link <\/a><\/p>","protected":false},"excerpt":{"rendered":"<p>Alvo indireto de cr\u00edticas do governo Donald Trump, o ministro Alexandre de Moraes, do Supremo Tribunal Federal (STF), foi consultado pelo Itamaraty antes da publica\u00e7\u00e3o de uma nota de rea\u00e7\u00e3o.&hellip;<\/p>","protected":false},"author":1,"featured_media":106952,"comment_status":"closed","ping_status":"open","sticky":false,"template":"","format":"standard","meta":{"content-type":"","footnotes":""},"categories":[16],"tags":[123,2448,5313,1267],"class_list":["post-106951","post","type-post","status-publish","format-standard","has-post-thumbnail","hentry","category-noticias","tag-brasil","tag-diario","tag-noticia","tag-noticias"],"_links":{"self":[{"href":"https:\/\/tvbrazilusa.com\/pt\/wp-json\/wp\/v2\/posts\/106951","targetHints":{"allow":["GET"]}}],"collection":[{"href":"https:\/\/tvbrazilusa.com\/pt\/wp-json\/wp\/v2\/posts"}],"about":[{"href":"https:\/\/tvbrazilusa.com\/pt\/wp-json\/wp\/v2\/types\/post"}],"author":[{"embeddable":true,"href":"https:\/\/tvbrazilusa.com\/pt\/wp-json\/wp\/v2\/users\/1"}],"replies":[{"embeddable":true,"href":"https:\/\/tvbrazilusa.com\/pt\/wp-json\/wp\/v2\/comments?post=106951"}],"version-history":[{"count":1,"href":"https:\/\/tvbrazilusa.com\/pt\/wp-json\/wp\/v2\/posts\/106951\/revisions"}],"predecessor-version":[{"id":106953,"href":"https:\/\/tvbrazilusa.com\/pt\/wp-json\/wp\/v2\/posts\/106951\/revisions\/106953"}],"wp:featuredmedia":[{"embeddable":true,"href":"https:\/\/tvbrazilusa.com\/pt\/wp-json\/wp\/v2\/media\/106952"}],"wp:attachment":[{"href":"https:\/\/tvbrazilusa.com\/pt\/wp-json\/wp\/v2\/media?parent=106951"}],"wp:term":[{"taxonomy":"category","embeddable":true,"href":"https:\/\/tvbrazilusa.com\/pt\/wp-json\/wp\/v2\/categories?post=106951"},{"taxonomy":"post_tag","embeddable":true,"href":"https:\/\/tvbrazilusa.com\/pt\/wp-json\/wp\/v2\/tags?post=106951"}],"curies":[{"name":"wp","href":"https:\/\/api.w.org\/{rel}","templated":true}]}}