{"id":106957,"date":"2025-02-27T12:21:49","date_gmt":"2025-02-27T12:21:49","guid":{"rendered":"https:\/\/tvbrazilusa.com\/2025\/02\/27\/carnaval-vendaval-e-granizo-destroem-carros-alegoricos-veja-video\/"},"modified":"2025-02-27T12:21:51","modified_gmt":"2025-02-27T12:21:51","slug":"carnaval-vendaval-e-granizo-destroem-carros-alegoricos-veja-video","status":"publish","type":"post","link":"https:\/\/tvbrazilusa.com\/pt\/2025\/02\/27\/carnaval-vendaval-e-granizo-destroem-carros-alegoricos-veja-video\/","title":{"rendered":"Carnaval: Vendaval e granizo destroem carros aleg\u00f3ricos; VEJA V\u00cdDEO"},"content":{"rendered":"<p> <script async src=\"https:\/\/pagead2.googlesyndication.com\/pagead\/js\/adsbygoogle.js?client=ca-pub-8864793242727901\"\r\n     crossorigin=\"anonymous\"><\/script><br \/>\n<\/p>\n<div id=\"taboola-read-more\" style=\"display:block; width:100%\">\n<p>As rajadas de vento de 103 km\/h na regi\u00e3o do Campo de Marte, na zona norte de S\u00e3o Paulo, nesta quarta-feira (26\/2), n\u00e3o pouparam as escolas de samba que davam os \u00faltimos retoques em seus carros aleg\u00f3ricos no vizinho Samb\u00f3dromo do Anhembi. Esculturas se partiram, bra\u00e7os foram arrancados e cabe\u00e7as ficaram soltas faltando dois dias para o in\u00edcio dos desfiles de Carnaval. Entre os prejudicados, a expectativa \u00e9 a de reparar os danos o mais r\u00e1pido poss\u00edvel.<\/p>\n<p>A reportagem do Metr\u00f3poles estava em uma barraca na dispers\u00e3o e presenciou a correria de integrantes das escolas de samba na tentativa de salvar o trabalho de um ano inteiro em meio ao vendaval e ao granizo que assolaram o samb\u00f3dromo. O vento forte obrigou as agremia\u00e7\u00f5es a \u201cancorarem\u201d os carros aleg\u00f3ricos em plena tempestade.<\/p>\n<p>A Gavi\u00f5es da Fiel foi uma das escolas mais prejudicadas pela temporal que assolou o Anhembi. Duas esculturas do carro dois foram parar no ch\u00e3o e o pr\u00f3prio gavi\u00e3o do abre-alas tombou.<\/p>\n<p>\u201cS\u00e3o for\u00e7as da natureza, for\u00e7as que a gente n\u00e3o controla. Ficamos bastante danificados. A nossa baia est\u00e1 bem de frente, pega todo o vento que vem da Marginal Tiet\u00ea. Pegou em cheio\u201d, disse J\u00falio Poloni, um dos carnavalescos da Gavi\u00f5es.<\/p>\n<p>Apesar dos danos, Poloni afirmou que acredita na recupera\u00e7\u00e3o. \u201cO Carnaval \u00e9 s\u00e1bado. A gente confia na nossa equipe, estamos fazendo toda correria, desenhando a log\u00edstica pra ver como a gente vai conseguir recuperar essas pe\u00e7as. N\u00e3o temos muito tempo pra lamentar, chorar. Temos que ver uma estrat\u00e9gia pra recuperar isso a tempo do nosso desfile\u201d, disse.<\/p>\n<p>As asas de um serafim da Drag\u00f5es da Real ficaram danificadas durante a tempestade. A estrutura \u00e9 um dos xod\u00f3s da escola e, logo que a chuva parou, j\u00e1 passava por reparos.<\/p>\n<p>\u201cD\u00e1 desespero, apreens\u00e3o, mas quando acontece isso com anteced\u00eancia, como \u00e9 o caso, tamb\u00e9m \u00e9 um ato de se reorganizar e fazer os reparos necess\u00e1rios para que tudo fique pronto at\u00e9 a hora do desfile\u201d, disse M\u00e1rcio Santana, diretor de Carnaval da Drag\u00f5es da Real.<\/p>\n<p>Outras escolas tamb\u00e9m foram prejudicadas pelo temporal, algumas de forma mais intensa.\n<\/p>\n<p>Fonte: Metr\u00f3poles              <\/p>\n<\/div>\n<p><br \/>\n<br \/><a href=\"https:\/\/diariodobrasilnoticias.com.br\/noticia\/carnaval-vendaval-e-granizo-destroem-carros-alegoricos-veja-video-67c03fc5c8d3c\">Source link <\/a><\/p>","protected":false},"excerpt":{"rendered":"<p>As rajadas de vento de 103 km\/h na regi\u00e3o do Campo de Marte, na zona norte de S\u00e3o Paulo, nesta quarta-feira (26\/2), n\u00e3o pouparam as escolas de samba que davam&hellip;<\/p>","protected":false},"author":1,"featured_media":106958,"comment_status":"closed","ping_status":"open","sticky":false,"template":"","format":"standard","meta":{"content-type":"","footnotes":""},"categories":[16],"tags":[123,2448,5313,1267],"class_list":["post-106957","post","type-post","status-publish","format-standard","has-post-thumbnail","hentry","category-noticias","tag-brasil","tag-diario","tag-noticia","tag-noticias"],"_links":{"self":[{"href":"https:\/\/tvbrazilusa.com\/pt\/wp-json\/wp\/v2\/posts\/106957","targetHints":{"allow":["GET"]}}],"collection":[{"href":"https:\/\/tvbrazilusa.com\/pt\/wp-json\/wp\/v2\/posts"}],"about":[{"href":"https:\/\/tvbrazilusa.com\/pt\/wp-json\/wp\/v2\/types\/post"}],"author":[{"embeddable":true,"href":"https:\/\/tvbrazilusa.com\/pt\/wp-json\/wp\/v2\/users\/1"}],"replies":[{"embeddable":true,"href":"https:\/\/tvbrazilusa.com\/pt\/wp-json\/wp\/v2\/comments?post=106957"}],"version-history":[{"count":1,"href":"https:\/\/tvbrazilusa.com\/pt\/wp-json\/wp\/v2\/posts\/106957\/revisions"}],"predecessor-version":[{"id":106959,"href":"https:\/\/tvbrazilusa.com\/pt\/wp-json\/wp\/v2\/posts\/106957\/revisions\/106959"}],"wp:featuredmedia":[{"embeddable":true,"href":"https:\/\/tvbrazilusa.com\/pt\/wp-json\/wp\/v2\/media\/106958"}],"wp:attachment":[{"href":"https:\/\/tvbrazilusa.com\/pt\/wp-json\/wp\/v2\/media?parent=106957"}],"wp:term":[{"taxonomy":"category","embeddable":true,"href":"https:\/\/tvbrazilusa.com\/pt\/wp-json\/wp\/v2\/categories?post=106957"},{"taxonomy":"post_tag","embeddable":true,"href":"https:\/\/tvbrazilusa.com\/pt\/wp-json\/wp\/v2\/tags?post=106957"}],"curies":[{"name":"wp","href":"https:\/\/api.w.org\/{rel}","templated":true}]}}