{"id":106960,"date":"2025-02-27T12:34:44","date_gmt":"2025-02-27T12:34:44","guid":{"rendered":"https:\/\/tvbrazilusa.com\/2025\/02\/27\/imagens-registram-o-momento-em-que-a-policia-resgata-crianca-de-nove-anos-sequestrada-assista\/"},"modified":"2025-02-27T12:34:46","modified_gmt":"2025-02-27T12:34:46","slug":"imagens-registram-o-momento-em-que-a-policia-resgata-crianca-de-nove-anos-sequestrada-assista","status":"publish","type":"post","link":"https:\/\/tvbrazilusa.com\/pt\/2025\/02\/27\/imagens-registram-o-momento-em-que-a-policia-resgata-crianca-de-nove-anos-sequestrada-assista\/","title":{"rendered":"Imagens registram o momento em que a pol\u00edcia resgata crian\u00e7a de nove anos sequestrada; ASSISTA"},"content":{"rendered":"<p> <script async src=\"https:\/\/pagead2.googlesyndication.com\/pagead\/js\/adsbygoogle.js?client=ca-pub-8864793242727901\"\r\n     crossorigin=\"anonymous\"><\/script><br \/>\n<\/p>\n<div id=\"taboola-read-more\" style=\"display:block; width:100%\">\n<p>Uma menina de nove anos que estava desaparecida desde ter\u00e7a-feira (25) foi encontrada na manh\u00e3 desta quarta-feira (26), em Tramanda\u00ed. Ela havia desaparecido por volta das 16h, ap\u00f3s ter sa\u00eddo para brincar em uma pra\u00e7a, na mesma cidade, no bairro Parque dos Presidentes. Ela estava amarrada nos fundos de um estabelecimento que seria do suspeito de t\u00ea-la sequestrado. Em imagens que circulam nas redes sociais, populares resgatam a crian\u00e7a e ela diz que foi abus4da. A informa\u00e7\u00e3o inicial \u00e9 que o suspeito foi encaminhado para o hospital.\n<\/p>\n<p>A menina j\u00e1 est\u00e1 em atendimento m\u00e9dico na UPA do munic\u00edpio. A Pol\u00edcia Militar e a Pol\u00edcia Civil j\u00e1 acompanhavam o caso desde ontem, ap\u00f3s terem sido comunicados pela fam\u00edlia. No momento, a Brigada Militar isola o local.<\/p>\n<p>ASSISTA\n<\/p>\n<\/p><\/div>\n<p><br \/>\n<br \/><a href=\"https:\/\/diariodobrasilnoticias.com.br\/noticia\/imagens-registram-o-momento-em-que-a-policia-resgata-crianca-de-nove-anos-sequestrada-assista-67c03cae1824c\">Source link <\/a><\/p>","protected":false},"excerpt":{"rendered":"<p>Uma menina de nove anos que estava desaparecida desde ter\u00e7a-feira (25) foi encontrada na manh\u00e3 desta quarta-feira (26), em Tramanda\u00ed. Ela havia desaparecido por volta das 16h, ap\u00f3s ter sa\u00eddo&hellip;<\/p>","protected":false},"author":1,"featured_media":106961,"comment_status":"closed","ping_status":"open","sticky":false,"template":"","format":"standard","meta":{"content-type":"","footnotes":""},"categories":[16],"tags":[123,2448,5313,1267],"class_list":["post-106960","post","type-post","status-publish","format-standard","has-post-thumbnail","hentry","category-noticias","tag-brasil","tag-diario","tag-noticia","tag-noticias"],"_links":{"self":[{"href":"https:\/\/tvbrazilusa.com\/pt\/wp-json\/wp\/v2\/posts\/106960","targetHints":{"allow":["GET"]}}],"collection":[{"href":"https:\/\/tvbrazilusa.com\/pt\/wp-json\/wp\/v2\/posts"}],"about":[{"href":"https:\/\/tvbrazilusa.com\/pt\/wp-json\/wp\/v2\/types\/post"}],"author":[{"embeddable":true,"href":"https:\/\/tvbrazilusa.com\/pt\/wp-json\/wp\/v2\/users\/1"}],"replies":[{"embeddable":true,"href":"https:\/\/tvbrazilusa.com\/pt\/wp-json\/wp\/v2\/comments?post=106960"}],"version-history":[{"count":1,"href":"https:\/\/tvbrazilusa.com\/pt\/wp-json\/wp\/v2\/posts\/106960\/revisions"}],"predecessor-version":[{"id":106962,"href":"https:\/\/tvbrazilusa.com\/pt\/wp-json\/wp\/v2\/posts\/106960\/revisions\/106962"}],"wp:featuredmedia":[{"embeddable":true,"href":"https:\/\/tvbrazilusa.com\/pt\/wp-json\/wp\/v2\/media\/106961"}],"wp:attachment":[{"href":"https:\/\/tvbrazilusa.com\/pt\/wp-json\/wp\/v2\/media?parent=106960"}],"wp:term":[{"taxonomy":"category","embeddable":true,"href":"https:\/\/tvbrazilusa.com\/pt\/wp-json\/wp\/v2\/categories?post=106960"},{"taxonomy":"post_tag","embeddable":true,"href":"https:\/\/tvbrazilusa.com\/pt\/wp-json\/wp\/v2\/tags?post=106960"}],"curies":[{"name":"wp","href":"https:\/\/api.w.org\/{rel}","templated":true}]}}