{"id":106969,"date":"2025-02-27T13:02:56","date_gmt":"2025-02-27T13:02:56","guid":{"rendered":"https:\/\/tvbrazilusa.com\/2025\/02\/27\/ciro-nogueira-diz-que-sidonio-enfraquece-governo-lula-e-que-o-pp-pode-se-afastar\/"},"modified":"2025-02-27T13:02:58","modified_gmt":"2025-02-27T13:02:58","slug":"ciro-nogueira-diz-que-sidonio-enfraquece-governo-lula-e-que-o-pp-pode-se-afastar","status":"publish","type":"post","link":"https:\/\/tvbrazilusa.com\/pt\/2025\/02\/27\/ciro-nogueira-diz-que-sidonio-enfraquece-governo-lula-e-que-o-pp-pode-se-afastar\/","title":{"rendered":"Ciro Nogueira diz que Sid\u00f4nio enfraquece governo Lula e que o PP pode se afastar"},"content":{"rendered":"<p> <script async src=\"https:\/\/pagead2.googlesyndication.com\/pagead\/js\/adsbygoogle.js?client=ca-pub-8864793242727901\"\r\n     crossorigin=\"anonymous\"><\/script><br \/>\n<\/p>\n<div id=\"taboola-read-more\" style=\"display:block; width:100%\">\n<p>Presidente do PP, o senador Ciro Nogueira (PI) afirma que o novo ministro da Secom, Sid\u00f4nio Palmeira, &#8220;est\u00e1 acabando&#8221; com o presidente Lula (PT) ao coloc\u00e1-lo para falar mais. Para ele, a exposi\u00e7\u00e3o n\u00e3o ajuda um governo com baixa aprova\u00e7\u00e3o \u2014e, para melhorar, o petista precisaria se reinventar, o que ele v\u00ea como improv\u00e1vel.\n<\/p>\n<p>Na oposi\u00e7\u00e3o, mesmo com um integrante do PP, Andr\u00e9 Fufuca, como ministro do Esporte, o senador amea\u00e7a desembarcar do governo, puxando a fila de outros partidos do centr\u00e3o.<\/p>\n<p>Ciro Nogueira, que j\u00e1 chamou Jair Bolsonaro de &#8216;fascista&#8217; e disse que Lula foi melhor presidente do Brasil, afirma, por\u00e9m, preferir dar &#8220;governabilidade&#8221; para o petista e fazer uma &#8220;transi\u00e7\u00e3o&#8221; para o pr\u00f3ximo presidente \u2014j\u00e1 contando com um nome de direita.\n<\/p>\n<p>&#8220;Se o governo n\u00e3o tiver uma mudan\u00e7a radical agora, de rumos para o pa\u00eds, n\u00e3o tem como nem a gente, daqui a pouco, permitir que os membros do partido participem desse governo&#8221;, diz \u00e0 Folha o ex-chefe da Casa Civil de Jair Bolsonaro (PL).\n<\/p>\n<p>O nome do sr. surgiu na dela\u00e7\u00e3o de Mauro Cid como parte do n\u00facleo que defendia o resultado das elei\u00e7\u00f5es. O sr. sabia dos demais?<br \/>Eu era uma das pessoas que defendiam respeitar a vontade popular e fui quem convenceu o presidente a iniciar a transi\u00e7\u00e3o. Acho imposs\u00edvel um ministro t\u00e3o presente no dia a dia do presidente n\u00e3o ver o movimento de um golpe militar.\n<\/p>\n<p>Cid est\u00e1 mentindo?<br \/>N\u00e3o sei. Eu n\u00e3o tinha proximidade com o Cid, porque defendia a demiss\u00e3o dele desde que cheguei ao governo. Ele levava muita coisa errada para o presidente. Bolsonaro estava fazendo uma live e ele entregou um papel [dizendo] que a vacina [contra a Covid] poderia desencadear HIV. Eu queria comer o f\u00edgado dele.\n<\/p>\n<p>Acha que o Bolsonaro pode ser preso?<br \/>N\u00e3o. Se ele tiver um julgamento justo, n\u00e3o tem como prender por isso. E seria muito ruim para o Brasil se isso acontecesse. As pessoas com quem eu conversei sobre a den\u00fancia [afirmam que] \u00e9 muito de achismo, de dela\u00e7\u00e3o e que n\u00e3o tem nenhuma prova contra. Ele \u00e9 inocente nesse caso.\n<\/p>\n<p>Comandantes das For\u00e7as Armadas afirmam que o presidente tratou de um golpe com eles.<br \/>Por que n\u00e3o denunciaram isso na \u00e9poca? \u00c9 muito engra\u00e7ado eles agora vindo com esse tipo de coisa. Eles tinham que ter pedido demiss\u00e3o ou ter denunciado. \u00c9 a palavra de um contra o outro. E eu acredito mais na palavra do presidente. E vai ser um absurdo se Bolsonaro n\u00e3o for julgado no pleno [do Supremo]. A\u00ed n\u00e3o \u00e9 um julgamento justo.\n<\/p>\n<p>H\u00e1 ainda provas que ligam Bolsonaro \u00e0 fraude no cart\u00e3o de vacina\u00e7\u00e3o, \u00e0s joias\u2026<br \/>Pelo amor de Deus, vamos virar a p\u00e1gina. Ningu\u00e9m aguenta mais a m\u00eddia com esse discurso para tentar tirar o foco dos problemas do pa\u00eds. Me desculpe, eu n\u00e3o vou mais falar sobre isso.\n<\/p>\n<p>O PP hoje tem um minist\u00e9rio no governo; o sr. defende o desembarque?<br \/>Defendo que nem tivesse entrado. Foi um erro. \u00c9 um governo completamente ultrapassado, com o presidente isolado, sem vontade de tomar as decis\u00f5es que o pa\u00eds precisa.\n<\/p>\n<p>O ex-presidente da C\u00e2mara Arthur Lira [PP-AL] vai entrar no governo?<br \/>Se depender de mim, n\u00e3o. N\u00e3o queria, mas est\u00e1 muito pr\u00f3ximo de termos de reunir o partido e tomar uma decis\u00e3o definitiva de desembarcar. Gosto muito do ministro Fufuca, mas, se o governo n\u00e3o tiver uma mudan\u00e7a radical de rumos para o pa\u00eds, n\u00e3o tem nem como a gente, daqui a pouco, permitir que os membros do partido participem desse governo.\n<\/p>\n<p>Lula deve conversar com os partidos que t\u00eam minist\u00e9rio.<br \/>Com o meu partido ele n\u00e3o vai conversar. A forma como o presidente Lula quer fazer isso n\u00e3o vai funcionar. At\u00e9 n\u00f3s fizemos isso no passado: entregam cargos para os partidos, recebem os votos. Hoje n\u00e3o vai. V\u00ea quantos votos o Fufuca trouxe, quantos o Silvinho [Costa Filho, ministro de Portos] trouxe. Nada.\n<\/p>\n<p>O sr. falou com Fufuca sobre a sa\u00edda dele do governo?<br \/>J\u00e1, eu disse que estou sendo pressionado. Tamb\u00e9m n\u00e3o quero ser o causador de uma insolv\u00eancia do governo. Porque, se eu desembarco hoje, o Uni\u00e3o Brasil pode vir junto, o Marcos Pereira [presidente do Republicanos] \u00e9 dif\u00edcil ficar sozinho l\u00e1 dentro. E eu n\u00e3o sei se o [Gilberto] Kassab [presidente do PSD] fica.\n<\/p>\n<p>[Mas] n\u00e3o sei se isso \u00e9 bom para o pa\u00eds atualmente, sabe? Acho que o governo tem um piso de aprova\u00e7\u00e3o. Porque uma coisa \u00e9 tirar a Dilma [Rousseff] como a gente tirou. A Dilma tinha 7%. Lula nunca vai chegar a 7%. Ent\u00e3o, acho que o ideal \u00e9 dar governabilidade ao pa\u00eds para a gente fazer uma transi\u00e7\u00e3o. Se eu fosse o presidente Lula, o mais rapidamente poss\u00edvel, eu anunciava que n\u00e3o era candidato e virava essa p\u00e1gina.\n<\/p>\n<p>Bolsonaro est\u00e1 ineleg\u00edvel, mas insiste na candidatura em 2026. O sr. acha que essa estrat\u00e9gia pode atrapalhar a direita?<br \/>N\u00e3o vai atrapalhar. Eu acho que ele tem o direito. Ainda tem recursos. As pessoas n\u00e3o podem admitir que um homem que est\u00e1 liderando as pesquisas seja impedido de disputar porque se reuniu com embaixadores.\n<\/p>\n<p>S\u00f3 acho o seguinte: se o candidato dele for o Tarc\u00edsio ou o Ratinho [Jr.], ele tem que escolher neste ano, porque eles t\u00eam que fazer o processo de transi\u00e7\u00e3o, escolher os sucessores, e se afastar [dos cargos] em abril. Se Bolsonaro marchar para ser candidato at\u00e9 o final, \u00e9 porque ele vai colocar um dos filhos. E tem a Tereza [Cristina] tamb\u00e9m. Mas \u00e9 dif\u00edcil, acho que o natural hoje seria o Tarc\u00edsio, o Ratinho ou um dos dois filhos [Fl\u00e1vio ou Eduardo].\n<\/p>\n<p>Qual o melhor nome?<br \/>Jair Bolsonaro.\n<\/p>\n<p>No cen\u00e1rio sem ele.<br \/>Quem ele escolher.\n<\/p>\n<p>Mas ele est\u00e1 mais para que lado?<br \/>Ele acha que vai ser candidato. Esteve na minha casa uns 15 dias atr\u00e1s, passou a tarde conversando comigo. Ele acha que esse governo acabou, que o Lula n\u00e3o vai ter condi\u00e7\u00f5es de fazer nem campanha, que a popularidade dele vai cair perto da Dilma. Vai ser muito dif\u00edcil para o Judici\u00e1rio proibir a popula\u00e7\u00e3o de escolher o candidato que a grande maioria quer. \u00c9 uma avalia\u00e7\u00e3o que ele faz.\n<\/p>\n<p>O sr. est\u00e1 considerando um cen\u00e1rio com Lula candidato?<br \/>Lula n\u00e3o vai perder a \u00faltima elei\u00e7\u00e3o da vida dele e ser lembrado para a hist\u00f3ria por uma derrota. [Fernando] Haddad j\u00e1 est\u00e1 escolhido. E com essa economia do jeito que est\u00e1, o povo tendo que declarar ovo no Imposto de Renda\u2026\n<\/p>\n<p>Qual seria a mudan\u00e7a de chave no governo para 2026?<br \/>Lula se reinventar, e eu acho dif\u00edcil. A forma dele de se comunicar est\u00e1 muito errada. Quem est\u00e1 acabando com o Lula \u00e9 o Sid\u00f4nio, a exposi\u00e7\u00e3o dele. O cara fala 20 minutos, a\u00ed uma derrapada \u00e9 o que mais vai para a internet.\n<\/p>\n<p>Bolsonaro falava bastante tamb\u00e9m.<br \/>Na \u00e9poca da campanha, Bolsonaro falando muito na TV era ruim. Quando botava o Lula falando, era bom para o Lula. Sid\u00f4nio veio com essa imagem e \u00e9 isso que est\u00e1 acabando com o Lula. A\u00ed bota um monte de gente aplaudindo qualquer coisa que ele faz e ele fala aquelas besteiras. As pessoas enjoaram dessa forma de se comunicar. Eu aprendi uma coisa: quando o governo est\u00e1 mal, quanto mais voc\u00ea fala, pior. Porque as pessoas criam mais resist\u00eancia. Eles acham que o Lula, por ser um grande l\u00edder, tem capacidade de convencer as pessoas. Est\u00e3o expondo demais e isso est\u00e1 sendo o suic\u00eddio dele.<\/p>\n<p>Fonte: Folha de S. Paulo              <\/p>\n<\/div>\n<p><br \/>\n<br \/><a href=\"https:\/\/diariodobrasilnoticias.com.br\/noticia\/ciro-nogueira-diz-que-sidonio-enfraquece-governo-lula-e-que-o-pp-pode-se-afastar-67c0615b46f33\">Source link <\/a><\/p>","protected":false},"excerpt":{"rendered":"<p>Presidente do PP, o senador Ciro Nogueira (PI) afirma que o novo ministro da Secom, Sid\u00f4nio Palmeira, &#8220;est\u00e1 acabando&#8221; com o presidente Lula (PT) ao coloc\u00e1-lo para falar mais. Para&hellip;<\/p>","protected":false},"author":1,"featured_media":106970,"comment_status":"closed","ping_status":"open","sticky":false,"template":"","format":"standard","meta":{"content-type":"","footnotes":""},"categories":[16],"tags":[123,2448,5313,1267],"class_list":["post-106969","post","type-post","status-publish","format-standard","has-post-thumbnail","hentry","category-noticias","tag-brasil","tag-diario","tag-noticia","tag-noticias"],"_links":{"self":[{"href":"https:\/\/tvbrazilusa.com\/pt\/wp-json\/wp\/v2\/posts\/106969","targetHints":{"allow":["GET"]}}],"collection":[{"href":"https:\/\/tvbrazilusa.com\/pt\/wp-json\/wp\/v2\/posts"}],"about":[{"href":"https:\/\/tvbrazilusa.com\/pt\/wp-json\/wp\/v2\/types\/post"}],"author":[{"embeddable":true,"href":"https:\/\/tvbrazilusa.com\/pt\/wp-json\/wp\/v2\/users\/1"}],"replies":[{"embeddable":true,"href":"https:\/\/tvbrazilusa.com\/pt\/wp-json\/wp\/v2\/comments?post=106969"}],"version-history":[{"count":1,"href":"https:\/\/tvbrazilusa.com\/pt\/wp-json\/wp\/v2\/posts\/106969\/revisions"}],"predecessor-version":[{"id":106971,"href":"https:\/\/tvbrazilusa.com\/pt\/wp-json\/wp\/v2\/posts\/106969\/revisions\/106971"}],"wp:featuredmedia":[{"embeddable":true,"href":"https:\/\/tvbrazilusa.com\/pt\/wp-json\/wp\/v2\/media\/106970"}],"wp:attachment":[{"href":"https:\/\/tvbrazilusa.com\/pt\/wp-json\/wp\/v2\/media?parent=106969"}],"wp:term":[{"taxonomy":"category","embeddable":true,"href":"https:\/\/tvbrazilusa.com\/pt\/wp-json\/wp\/v2\/categories?post=106969"},{"taxonomy":"post_tag","embeddable":true,"href":"https:\/\/tvbrazilusa.com\/pt\/wp-json\/wp\/v2\/tags?post=106969"}],"curies":[{"name":"wp","href":"https:\/\/api.w.org\/{rel}","templated":true}]}}