{"id":106981,"date":"2025-02-27T13:55:19","date_gmt":"2025-02-27T13:55:19","guid":{"rendered":"https:\/\/tvbrazilusa.com\/2025\/02\/27\/aman-onde-bolsonaro-se-formou-exclui-livro-que-chama-pt-de-corrupto\/"},"modified":"2025-02-27T13:55:20","modified_gmt":"2025-02-27T13:55:20","slug":"aman-onde-bolsonaro-se-formou-exclui-livro-que-chama-pt-de-corrupto","status":"publish","type":"post","link":"https:\/\/tvbrazilusa.com\/pt\/2025\/02\/27\/aman-onde-bolsonaro-se-formou-exclui-livro-que-chama-pt-de-corrupto\/","title":{"rendered":"Aman, onde Bolsonaro se formou, exclui livro que chama PT de corrupto"},"content":{"rendered":"<p> <script async src=\"https:\/\/pagead2.googlesyndication.com\/pagead\/js\/adsbygoogle.js?client=ca-pub-8864793242727901\"\r\n     crossorigin=\"anonymous\"><\/script><br \/>\n<\/p>\n<div id=\"taboola-read-more\" style=\"display:block; width:100%\">\n<p>A Academia Militar das Agulhas Negras (<a href=\"https:\/\/www.aman.eb.mil.br\/\" target=\"_blank\" rel=\"noopener noreferrer\">Aman<\/a>), onde o ex-presidente Jair Bolsonaro\u00a0<a href=\"https:\/\/www.metropoles.com\/brasil\/politica-brasil\/bolsonaro-diz-que-formacao-militar-foi-mais-dificil-do-que-presidencia\" target=\"_blank\" rel=\"noopener noreferrer\">se formou oficial em 1977<\/a>, retirou da refer\u00eancia bibliogr\u00e1fica de provas um livro que aborda o PT como \u201ccorrupto\u201d e \u201ccorruptor\u201d. Trata-se da obra \u201cA Corrup\u00e7\u00e3o da Intelig\u00eancia: Intelectuais e Poder no Brasil\u201d, de Fl\u00e1vio Gordon.\n<\/p>\n<p>\u00a0<\/p>\n<p>O livro fazia parte da bibliografia da Aman at\u00e9 o fim de 2024, conforme documento obtido pela coluna via Lei de Acesso \u00e0 Informa\u00e7\u00e3o (LAI).<\/p>\n<p>Na obra, Gordon afirma que os agentes da corrup\u00e7\u00e3o mais nociva ao Brasil n\u00e3o s\u00e3o os pol\u00edticos nem os empres\u00e1rios, mas os intelectuais, a\u00ed inclu\u00eddos os jornalistas, al\u00e9m de professores e historiadores e da classe art\u00edstica.\n<\/p>\n<h4>Livros da Aman<\/h4>\n<p>A escola de ensino superior do Ex\u00e9rcito Brasileiro, localizada em Resende (RJ), tamb\u00e9m recomenda livros de escritores famosos aos militares. Na lista, figuram a historiadora Lilia Moritz Schwarcz, com \u201cHist\u00f3ria do Brasil Na\u00e7\u00e3o: 1808-2010\u201d, e o jornalista William Waack, autor de \u201cCamaradas\u201d.\n<\/p>\n<p>\u00a0<\/p>\n<p>Outro deles \u2013 o integrante da Academia Brasileira de Letras at\u00e9 a morte, Jos\u00e9 Murilo de Carvalho \u2013 foi militante da A\u00e7\u00e3o Popular, ligada \u00e0 esquerda. O tamb\u00e9m historiador tamb\u00e9m escreveu \u201cA Constru\u00e7\u00e3o Nacional: 1830-1889\u201d e \u201cAs For\u00e7as Armadas na Primeira Rep\u00fablica: O Poder Desestabilizador\u201d.<\/p>\n<p>Fonte: Metr\u00f3poles              <\/p>\n<\/div>\n<p><br \/>\n<br \/><a href=\"https:\/\/diariodobrasilnoticias.com.br\/noticia\/aman-onde-bolsonaro-se-formou-exclui-livro-que-chama-pt-de-corrupto-67c054496a9ef\">Source link <\/a><\/p>","protected":false},"excerpt":{"rendered":"<p>A Academia Militar das Agulhas Negras (Aman), onde o ex-presidente Jair Bolsonaro\u00a0se formou oficial em 1977, retirou da refer\u00eancia bibliogr\u00e1fica de provas um livro que aborda o PT como \u201ccorrupto\u201d&hellip;<\/p>","protected":false},"author":1,"featured_media":106982,"comment_status":"closed","ping_status":"open","sticky":false,"template":"","format":"standard","meta":{"content-type":"","footnotes":""},"categories":[16],"tags":[123,2448,5313,1267],"class_list":["post-106981","post","type-post","status-publish","format-standard","has-post-thumbnail","hentry","category-noticias","tag-brasil","tag-diario","tag-noticia","tag-noticias"],"_links":{"self":[{"href":"https:\/\/tvbrazilusa.com\/pt\/wp-json\/wp\/v2\/posts\/106981","targetHints":{"allow":["GET"]}}],"collection":[{"href":"https:\/\/tvbrazilusa.com\/pt\/wp-json\/wp\/v2\/posts"}],"about":[{"href":"https:\/\/tvbrazilusa.com\/pt\/wp-json\/wp\/v2\/types\/post"}],"author":[{"embeddable":true,"href":"https:\/\/tvbrazilusa.com\/pt\/wp-json\/wp\/v2\/users\/1"}],"replies":[{"embeddable":true,"href":"https:\/\/tvbrazilusa.com\/pt\/wp-json\/wp\/v2\/comments?post=106981"}],"version-history":[{"count":1,"href":"https:\/\/tvbrazilusa.com\/pt\/wp-json\/wp\/v2\/posts\/106981\/revisions"}],"predecessor-version":[{"id":106983,"href":"https:\/\/tvbrazilusa.com\/pt\/wp-json\/wp\/v2\/posts\/106981\/revisions\/106983"}],"wp:featuredmedia":[{"embeddable":true,"href":"https:\/\/tvbrazilusa.com\/pt\/wp-json\/wp\/v2\/media\/106982"}],"wp:attachment":[{"href":"https:\/\/tvbrazilusa.com\/pt\/wp-json\/wp\/v2\/media?parent=106981"}],"wp:term":[{"taxonomy":"category","embeddable":true,"href":"https:\/\/tvbrazilusa.com\/pt\/wp-json\/wp\/v2\/categories?post=106981"},{"taxonomy":"post_tag","embeddable":true,"href":"https:\/\/tvbrazilusa.com\/pt\/wp-json\/wp\/v2\/tags?post=106981"}],"curies":[{"name":"wp","href":"https:\/\/api.w.org\/{rel}","templated":true}]}}