{"id":106990,"date":"2025-02-27T14:24:00","date_gmt":"2025-02-27T14:24:00","guid":{"rendered":"https:\/\/tvbrazilusa.com\/2025\/02\/27\/zanin-se-declarou-impedido-para-julgar-recurso-de-bolsonaro-em-2024\/"},"modified":"2025-02-27T14:24:01","modified_gmt":"2025-02-27T14:24:01","slug":"zanin-se-declarou-impedido-para-julgar-recurso-de-bolsonaro-em-2024","status":"publish","type":"post","link":"https:\/\/tvbrazilusa.com\/pt\/2025\/02\/27\/zanin-se-declarou-impedido-para-julgar-recurso-de-bolsonaro-em-2024\/","title":{"rendered":"Zanin se declarou impedido para julgar recurso de Bolsonaro em 2024"},"content":{"rendered":"<p> <script async src=\"https:\/\/pagead2.googlesyndication.com\/pagead\/js\/adsbygoogle.js?client=ca-pub-8864793242727901\"\r\n     crossorigin=\"anonymous\"><\/script><br \/>\n<\/p>\n<div id=\"taboola-read-more\" style=\"display:block; width:100%\">\n<p>O ministro do Supremo Tribunal Federal (STF) Cristiano Zanin, ex-advogado do presidente Luiz In\u00e1cio Lula da Silva, j\u00e1 se declarou impedido para julgar o ex-presidente Jair Bolsonaro, depois de assumir o cargo na Corte, indicado por Lula.\n<\/p>\n<p>Zanin considerou-se impedido de julgar um recurso de Bolsonaro ao STF contra a decis\u00e3o do Tribunal Superior Eleitoral (TSE) que suspendeu os direitos pol\u00edticos do ex-presidente por oito anos em raz\u00e3o de suposto abuso de poder pol\u00edtico por criticar as urnas eleitorais em 2022.<\/p>\n<p>\u00a0A decis\u00e3o de inelegibilidade do TSE foi tomada em junho de 2023, e o recurso extraordin\u00e1rio chegou ao STF em dezembro de 2023; o ministro se declarou impedido em maio de 2024.<\/p>\n<p>Zanin se declarou impedido porque, como advogado de Lula e do PT, ajuizou uma a\u00e7\u00e3o semelhante contra Bolsonaro, acusando-o de abuso de poder pol\u00edtico na campanha eleitoral.\u00a0\n<\/p>\n<p>O\u00a0<strong><a href=\"https:\/\/www.planalto.gov.br\/ccivil_03\/_ato2015-2018\/2015\/lei\/l13105.htm\">C\u00f3digo de Processo Civil<\/a><\/strong>\u00a0estabelece, no inciso IX do artigo 144 que \u201ch\u00e1 impedimento do juiz, sendo-lhe vedado exercer suas fun\u00e7\u00f5es no processo: IX \u2014 quando promover a\u00e7\u00e3o contra a parte ou seu advogado.\u201d\n<\/p>\n<p>Foi nesse artigo que Zanin fundamentou seu impedimento para julgar o recurso de Bolsonaro contra a inelegibilidade.\u00a0<\/p>\n<figure class=\"wp-block-image aligncenter\"><picture><source srcset=\"https:\/\/medias.revistaoeste.com\/wp-content\/uploads\/2025\/02\/zanin.jpg.webp 592w, https:\/\/medias.revistaoeste.com\/wp-content\/uploads\/2025\/02\/zanin-300x166.jpg.webp 300w, https:\/\/medias.revistaoeste.com\/wp-content\/uploads\/2025\/02\/zanin-150x83.jpg.webp 150w\" type=\"image\/webp\" sizes=\"(max-width: 592px) 100vw, 592px\" data-srcset=\"https:\/\/medias.revistaoeste.com\/wp-content\/uploads\/2025\/02\/zanin.jpg.webp 592w, https:\/\/medias.revistaoeste.com\/wp-content\/uploads\/2025\/02\/zanin-300x166.jpg.webp 300w, https:\/\/medias.revistaoeste.com\/wp-content\/uploads\/2025\/02\/zanin-150x83.jpg.webp 150w\" data-sizes=\"(max-width: 592px) 100vw, 592px\"\/><\/picture><figcaption class=\"wp-element-caption\">Trecho de decis\u00e3o de Zanin em recurso de Bolsonaro | Foto: Reprodu\u00e7\u00e3o<\/figcaption><\/figure>\n<\/p>\n<p>\u00a0<\/p>\n<p>Com o impedimento de Zanin, o STF redistribuiu o recurso de Bolsonaro ao ministro Luiz Fux.\n<\/p>\n<p>O impedimento \u00e9 diferente da suspei\u00e7\u00e3o. No impedimento, o julgador fica impedido de julgar um processo por crit\u00e9rios objetivos. J\u00e1 a suspei\u00e7\u00e3o est\u00e1 ligada \u00e0s inten\u00e7\u00f5es do juiz e pode at\u00e9 mesmo ser reconhecida por motivo de foro \u00edntimo.\n<\/p>\n<h2 class=\"wp-block-heading\">Defesa de Bolsonaro pediu impedimento de Zanin e de Dino<\/h2>\n<p>Aquele impedimento de Zanin volta \u00e0 tona porque a defesa de Jair Bolsonaro pediu o impedimento de Zanin (e de Fl\u00e1vio Dino) para julgar o recebimento da den\u00fancia da Procuradoria-Geral da Rep\u00fablica (PGR) que acusa o ex-presidente e outras 33 pessoas de tentativa de golpe de Estado.\n<\/p>\n<p>A den\u00fancia ser\u00e1 julgada na 1\u00aa Turma do STF, da qual fazem parte Alexandre de Moraes, relator do caso, Zanin, Dino, C\u00e1rmen L\u00facia e Luiz Fux.\n<\/p>\n<p>Tanto no caso de Dino quanto de Zanin, a defesa argumenta que h\u00e1 impedimento justamente porque ambos moveram a\u00e7\u00f5es contra Bolsonaro. Segundo os advogados do ex-presidente, no caso de Zanin, fatos semelhantes aos que levaram ao impedimento no TSE s\u00e3o atribu\u00eddos a Bolsonaro no \u00e2mbito penal.\n<\/p>\n<p>\u00a0<\/p>\n<p>No caso de Dino, o fundamento do pedido de impedimento \u00e9 uma queixa-crime movida pelo ministro contra Bolsonaro em 2021, quando Bolsonaro era presidente e Dino ocupava o cargo de governador do Maranh\u00e3o.\n<\/p>\n<p>O presidente do STF, Lu\u00eds Roberto Barroso, \u00e9 respons\u00e1vel por decidir sobre o afastamento de ministros nos julgamentos. Na quarta-feira 26, ele mandou Zanin e Dino se manifestarem sobre os pedidos de impedimento.\u00a0<\/p>\n<p>Fonte: Revista Oeste              <\/p>\n<\/div>\n<p><br \/>\n<br \/><a href=\"https:\/\/diariodobrasilnoticias.com.br\/noticia\/zanin-se-declarou-impedido-para-julgar-recurso-de-bolsonaro-em-2024-67c0600c02f14\">Source link <\/a><\/p>","protected":false},"excerpt":{"rendered":"<p>O ministro do Supremo Tribunal Federal (STF) Cristiano Zanin, ex-advogado do presidente Luiz In\u00e1cio Lula da Silva, j\u00e1 se declarou impedido para julgar o ex-presidente Jair Bolsonaro, depois de assumir&hellip;<\/p>","protected":false},"author":1,"featured_media":106991,"comment_status":"closed","ping_status":"open","sticky":false,"template":"","format":"standard","meta":{"content-type":"","footnotes":""},"categories":[16],"tags":[123,2448,5313,1267],"class_list":["post-106990","post","type-post","status-publish","format-standard","has-post-thumbnail","hentry","category-noticias","tag-brasil","tag-diario","tag-noticia","tag-noticias"],"_links":{"self":[{"href":"https:\/\/tvbrazilusa.com\/pt\/wp-json\/wp\/v2\/posts\/106990","targetHints":{"allow":["GET"]}}],"collection":[{"href":"https:\/\/tvbrazilusa.com\/pt\/wp-json\/wp\/v2\/posts"}],"about":[{"href":"https:\/\/tvbrazilusa.com\/pt\/wp-json\/wp\/v2\/types\/post"}],"author":[{"embeddable":true,"href":"https:\/\/tvbrazilusa.com\/pt\/wp-json\/wp\/v2\/users\/1"}],"replies":[{"embeddable":true,"href":"https:\/\/tvbrazilusa.com\/pt\/wp-json\/wp\/v2\/comments?post=106990"}],"version-history":[{"count":1,"href":"https:\/\/tvbrazilusa.com\/pt\/wp-json\/wp\/v2\/posts\/106990\/revisions"}],"predecessor-version":[{"id":106992,"href":"https:\/\/tvbrazilusa.com\/pt\/wp-json\/wp\/v2\/posts\/106990\/revisions\/106992"}],"wp:featuredmedia":[{"embeddable":true,"href":"https:\/\/tvbrazilusa.com\/pt\/wp-json\/wp\/v2\/media\/106991"}],"wp:attachment":[{"href":"https:\/\/tvbrazilusa.com\/pt\/wp-json\/wp\/v2\/media?parent=106990"}],"wp:term":[{"taxonomy":"category","embeddable":true,"href":"https:\/\/tvbrazilusa.com\/pt\/wp-json\/wp\/v2\/categories?post=106990"},{"taxonomy":"post_tag","embeddable":true,"href":"https:\/\/tvbrazilusa.com\/pt\/wp-json\/wp\/v2\/tags?post=106990"}],"curies":[{"name":"wp","href":"https:\/\/api.w.org\/{rel}","templated":true}]}}