{"id":106999,"date":"2025-02-27T15:05:04","date_gmt":"2025-02-27T15:05:04","guid":{"rendered":"https:\/\/tvbrazilusa.com\/2025\/02\/27\/sinuca-trump-aguarda-posicao-de-lula-sobre-moraes-para-definir-ofensiva\/"},"modified":"2025-02-27T15:05:05","modified_gmt":"2025-02-27T15:05:05","slug":"sinuca-trump-aguarda-posicao-de-lula-sobre-moraes-para-definir-ofensiva","status":"publish","type":"post","link":"https:\/\/tvbrazilusa.com\/pt\/2025\/02\/27\/sinuca-trump-aguarda-posicao-de-lula-sobre-moraes-para-definir-ofensiva\/","title":{"rendered":"Sinuca: Trump aguarda posi\u00e7\u00e3o de Lula sobre Moraes para definir ofensiva"},"content":{"rendered":"<p> <script async src=\"https:\/\/pagead2.googlesyndication.com\/pagead\/js\/adsbygoogle.js?client=ca-pub-8864793242727901\"\r\n     crossorigin=\"anonymous\"><\/script><br \/>\n<\/p>\n<div id=\"taboola-read-more\" style=\"display:block; width:100%\">\n<p>Ap\u00f3s os Estados Unidos emitirem comunicado oficial condenando a atua\u00e7\u00e3o de Alexandre de Moraes, Donald Trump aguarda um posicionamento do presidente Lula sobre o ministro do STF. Caso o mandat\u00e1rio brasileiro n\u00e3o d\u00ea ouvidos ao pleito, a Casa Branca aumentar\u00e1 ainda mais a press\u00e3o sobre o Pal\u00e1cio do Planalto, sob a alega\u00e7\u00e3o de que o Brasil promove censura.\n<\/p>\n<p>No \u00faltimo dia 17\/2, a coluna antecipou que Trump agiria contra Moraes. Primeiro no campo do discurso e, depois, com san\u00e7\u00f5es que poder\u00e3o atingir n\u00e3o apenas o magistrado mas o pr\u00f3prio governo Lula. Nesta quarta-feira (26), o presidente norte-americano deu in\u00edcio a seu plano de a\u00e7\u00e3o. Os pr\u00f3ximos passos depender\u00e3o da resposta do petista.<\/p>\n<p>A expectativa da Casa Branca \u00e9 que uma puni\u00e7\u00e3o a Alexandre de Moraes, em fase avan\u00e7ada de discuss\u00e3o, far\u00e1 autoridades brasileiras recuarem com receio de tamb\u00e9m virarem alvo de san\u00e7\u00f5es. O objetivo \u00e9 isolar o magistrado brasileiro.\n<\/p>\n<p>A tend\u00eancia, contudo, \u00e9 que Lula n\u00e3o abandone Moraes, um dos ministros do STF mais pr\u00f3ximos do presidente. Ap\u00f3s a Procuradoria-Geral da Rep\u00fablica (PGR) denunciar Bolsonaro no inqu\u00e9rito do golpe, o petista foi s\u00f3 elogios a Alexandre.\n<\/p>\n<p>\u201cNingu\u00e9m, nem esses produtores das plataformas [<em>indireta a Elon Musk<\/em>] que pensam que mandam no mundo, ningu\u00e9m vai fazer com que a gente mude de rumo nesse pa\u00eds. N\u00e3o adianta amea\u00e7ar pela Justi\u00e7a, n\u00e3o adianta perseguir o Alexandre de Moraes\u201d, discursou Lula.\n<\/p>\n<p>\u201cN\u00f3s precisamos dar os parab\u00e9ns ao Alexandre de Moraes e ao procurador-geral da Rep\u00fablica [<em>Paulo Gonet<\/em>] pela den\u00fancia contra os golpistas\u201d, continuou o presidente.\n<\/p>\n<p>\u00a0<\/p>\n<p>Por ora, nem Donald Trump nem Lula d\u00e3o sinais de que recuar\u00e3o. Aguardemos as cenas do pr\u00f3ximo round.\n<\/p>\n<h4>Trump surpreende Itamaraty<\/h4>\n<p>O comunicado do governo dos Estados Unidos criticando uma \u201ccensura\u201d imposta no Brasil pegou o Minist\u00e9rio das Rela\u00e7\u00f5es Exteriores de surpresa. Horas antes da nota oficial, a coluna conversou com embaixadores do Itamaraty, que acreditavam n\u00e3o haver chance de uma ofensiva do governo norte-americano.\n<\/p>\n<p>\u00a0<\/p>\n<p>A chancelaria brasileira tem atuado, desde antes da posse de Trump, para aproximar os dois governos. E acreditava, at\u00e9 ontem, estar tendo \u00eaxito na redu\u00e7\u00e3o de danos. Diz a nota divulgada pelo Minist\u00e9rio das Rela\u00e7\u00f5es Exteriores:\n<\/p>\n<p>\u201cO governo brasileiro recebe, com surpresa, a manifesta\u00e7\u00e3o veiculada hoje pelo Departamento de Estado norte-americano a respeito de a\u00e7\u00e3o judicial movida por empresas privadas daquele pa\u00eds para eximirem-se do cumprimento de decis\u00f5es da Suprema Corte brasileira.\n<\/p>\n<p>O governo brasileiro rejeita, com firmeza, qualquer tentativa de politizar decis\u00f5es judiciais e ressalta a import\u00e2ncia do respeito ao princ\u00edpio republicano da independ\u00eancia dos poderes, contemplado na Constitui\u00e7\u00e3o Federal brasileira de 1988.\n<\/p>\n<p>\u00a0<\/p>\n<p>A manifesta\u00e7\u00e3o do Departamento de Estado distorce o sentido das decis\u00f5es do Supremo Tribunal Federal, cujos efeitos destinam-se a assegurar a aplica\u00e7\u00e3o, no territ\u00f3rio nacional, da legisla\u00e7\u00e3o brasileira pertinente, inclusive a exig\u00eancia da constitui\u00e7\u00e3o de representantes legais a todas as empresas que atuam no Brasil.\n<\/p>\n<p>A liberdade de express\u00e3o, direito fundamental consagrado no sistema jur\u00eddico brasileiro, deve ser exercida, no Brasil, em conson\u00e2ncia com os demais preceitos legais vigentes, sobretudo os de natureza criminal.\n<\/p>\n<p>O Estado brasileiro e suas institui\u00e7\u00f5es republicanas foram alvo de uma orquestra\u00e7\u00e3o antidemocr\u00e1tica baseada na desinforma\u00e7\u00e3o em massa, divulgada em m\u00eddias sociais. Os fatos envolvendo a tentativa de golpe contra a soberania popular, ap\u00f3s as elei\u00e7\u00f5es presidenciais de 2022, s\u00e3o objeto de a\u00e7\u00e3o em curso no Poder Judici\u00e1rio brasileiro.\u201d\n<\/p>\n<p>\u00a0<\/p>\n<p>Ministros do STF tamb\u00e9m foram surpreendidos com a nota divulgada pelos Estados Unidos.<\/p>\n<p>Fonte: Metr\u00f3poles              <\/p>\n<\/div>\n<p><br \/>\n<br \/><a href=\"https:\/\/diariodobrasilnoticias.com.br\/noticia\/sinuca-trump-aguarda-posicao-de-lula-sobre-moraes-para-definir-ofensiva-67c0793282f2b\">Source link <\/a><\/p>","protected":false},"excerpt":{"rendered":"<p>Ap\u00f3s os Estados Unidos emitirem comunicado oficial condenando a atua\u00e7\u00e3o de Alexandre de Moraes, Donald Trump aguarda um posicionamento do presidente Lula sobre o ministro do STF. Caso o mandat\u00e1rio&hellip;<\/p>","protected":false},"author":1,"featured_media":107000,"comment_status":"closed","ping_status":"open","sticky":false,"template":"","format":"standard","meta":{"content-type":"","footnotes":""},"categories":[16],"tags":[123,2448,5313,1267],"class_list":["post-106999","post","type-post","status-publish","format-standard","has-post-thumbnail","hentry","category-noticias","tag-brasil","tag-diario","tag-noticia","tag-noticias"],"_links":{"self":[{"href":"https:\/\/tvbrazilusa.com\/pt\/wp-json\/wp\/v2\/posts\/106999","targetHints":{"allow":["GET"]}}],"collection":[{"href":"https:\/\/tvbrazilusa.com\/pt\/wp-json\/wp\/v2\/posts"}],"about":[{"href":"https:\/\/tvbrazilusa.com\/pt\/wp-json\/wp\/v2\/types\/post"}],"author":[{"embeddable":true,"href":"https:\/\/tvbrazilusa.com\/pt\/wp-json\/wp\/v2\/users\/1"}],"replies":[{"embeddable":true,"href":"https:\/\/tvbrazilusa.com\/pt\/wp-json\/wp\/v2\/comments?post=106999"}],"version-history":[{"count":1,"href":"https:\/\/tvbrazilusa.com\/pt\/wp-json\/wp\/v2\/posts\/106999\/revisions"}],"predecessor-version":[{"id":107001,"href":"https:\/\/tvbrazilusa.com\/pt\/wp-json\/wp\/v2\/posts\/106999\/revisions\/107001"}],"wp:featuredmedia":[{"embeddable":true,"href":"https:\/\/tvbrazilusa.com\/pt\/wp-json\/wp\/v2\/media\/107000"}],"wp:attachment":[{"href":"https:\/\/tvbrazilusa.com\/pt\/wp-json\/wp\/v2\/media?parent=106999"}],"wp:term":[{"taxonomy":"category","embeddable":true,"href":"https:\/\/tvbrazilusa.com\/pt\/wp-json\/wp\/v2\/categories?post=106999"},{"taxonomy":"post_tag","embeddable":true,"href":"https:\/\/tvbrazilusa.com\/pt\/wp-json\/wp\/v2\/tags?post=106999"}],"curies":[{"name":"wp","href":"https:\/\/api.w.org\/{rel}","templated":true}]}}