{"id":107008,"date":"2025-02-27T15:33:33","date_gmt":"2025-02-27T15:33:33","guid":{"rendered":"https:\/\/tvbrazilusa.com\/2025\/02\/27\/agiotas-fazem-ameaca-de-morte-servidor-da-camara-ouca-audio\/"},"modified":"2025-02-27T15:33:35","modified_gmt":"2025-02-27T15:33:35","slug":"agiotas-fazem-ameaca-de-morte-servidor-da-camara-ouca-audio","status":"publish","type":"post","link":"https:\/\/tvbrazilusa.com\/pt\/2025\/02\/27\/agiotas-fazem-ameaca-de-morte-servidor-da-camara-ouca-audio\/","title":{"rendered":"Agiotas fazem amea\u00e7a de morte servidor da c\u00e2mara; OU\u00c7A \u00c1UDIO"},"content":{"rendered":"<p> <script async src=\"https:\/\/pagead2.googlesyndication.com\/pagead\/js\/adsbygoogle.js?client=ca-pub-8864793242727901\"\r\n     crossorigin=\"anonymous\"><\/script><br \/>\n<\/p>\n<div>\n<figure class=\"post-image\">\n<\/figure>\n<p>            <span style=\"font-size: 12px\">Reprodu\u00e7\u00e3o<\/span><\/p>\n<p>            <!-- end metas --><br \/>\n            <!-- ADS --><\/p>\n<div id=\"taboola-read-more\" style=\"display:block; width:100%\">\n<p>Investigadores da 5\u00aa Delegacia de Pol\u00edcia (\u00c1rea Central) desmantelaram um esquema de extors\u00e3o e agiotagem contra um servidor da C\u00e2mara Federal. O principal suspeito, de 35 anos, foi preso em flagrante, no Setor Comercial Sul (SCS), quando se preparava para receber mais uma parcela de juros paga pela v\u00edtima. Mesmo cumprindo com as quantias acordadas, a v\u00edtima era coagida a aumentar os valores de transfer\u00eancia. Caso contr\u00e1rio, seria \u201centerrado\u201d vivo. Dois homens, entre eles o \u201ccobrador\u201d da d\u00edvida e o agiota, foram detidos.<\/p>\n<p>As apura\u00e7\u00f5es policiais revelaram que o servidor havia contra\u00eddo um empr\u00e9stimo de R$ 40 mil com um agiota e, mesmo j\u00e1 tendo pago R$ 14 mil, continuava sendo coagido. Os criminosos inflaram a d\u00edvida para R$ 110 mil e utilizavam ame4\u00e7as de m0rte, intimida\u00e7\u00f5es e reten\u00e7\u00e3o indevida de documentos como forma de cobran\u00e7a. Em p\u00e2nico, a v\u00edtima procurou a Pol\u00edcia Civil e relatou todas as ame4\u00e7as de m0rte, bem como informou que um novo encontro j\u00e1 havia sido marcado para que a cobran\u00e7a fosse realizada.<\/p>\n<p>Depois de receber todos os v\u00eddeos e \u00e1udios com as amea\u00e7as feitas pelos agiotas, os policiais montaram uma opera\u00e7\u00e3o para prender os suspeitos no momento em que eles se preparavam para para fazer novas intimida\u00e7\u00f5es. A pris\u00e3o ocorreu logo ap\u00f3s a confirma\u00e7\u00e3o de que um dos agiotas havia enviado mensagens amea\u00e7adoras \u00e0 v\u00edtima, pouco antes do encontro.\n<\/p>\n<p>OU\u00c7A:<\/p>\n<p>Fonte: Metr\u00f3poles              <\/p>\n<\/div>\n<p>                        <!-- Scripts para conteudo --><\/p>\n<p>            <!-- .\/Scripts para conteudo --><br \/>\n            <!-- .\/Mat\u00e9ria --><\/p>\n<div class=\"row mt-3\">\n<div class=\"col-sm-6\">\n                <!-- Whatsapp channel 3--><br \/>\n                <a href=\"https:\/\/chat.whatsapp.com\/B8Qy6Erx4kb6yTzj3kaDco\" target=\"_blank\"><br \/>\n                  <img decoding=\"async\" src=\"https:\/\/diariodobrasilnoticias.com.br\/assets-site\/images\/bot_whatsapp.png\"\/><\/a>\n              <\/div>\n<div class=\"col-sm-6\">\n                <a href=\"https:\/\/t.me\/+_4gTmi5LKo03OTM5\" target=\"_blank\"><br \/>\n                  <img decoding=\"async\" src=\"https:\/\/diariodobrasilnoticias.com.br\/assets-site\/images\/bot_telegram.png\"\/><\/a>\n              <\/div>\n<\/p><\/div>\n<p>            <!-- end post-navigation --><\/p>\n<p>              <!-- end row --><\/p>\n<p>              <!-- end col-12-->\n                      <\/div>\n<p><br \/>\n<br \/><a href=\"https:\/\/diariodobrasilnoticias.com.br\/noticia\/agiotas-fazem-ameaca-de-morte-servidor-da-camara-ouca-audio-67c06a7bade11\">Source link <\/a><\/p>","protected":false},"excerpt":{"rendered":"<p>Reprodu\u00e7\u00e3o Investigadores da 5\u00aa Delegacia de Pol\u00edcia (\u00c1rea Central) desmantelaram um esquema de extors\u00e3o e agiotagem contra um servidor da C\u00e2mara Federal. O principal suspeito, de 35 anos, foi preso&hellip;<\/p>","protected":false},"author":1,"featured_media":107009,"comment_status":"closed","ping_status":"open","sticky":false,"template":"","format":"standard","meta":{"content-type":"","footnotes":""},"categories":[16],"tags":[123,2448,5313,1267],"class_list":["post-107008","post","type-post","status-publish","format-standard","has-post-thumbnail","hentry","category-noticias","tag-brasil","tag-diario","tag-noticia","tag-noticias"],"_links":{"self":[{"href":"https:\/\/tvbrazilusa.com\/pt\/wp-json\/wp\/v2\/posts\/107008","targetHints":{"allow":["GET"]}}],"collection":[{"href":"https:\/\/tvbrazilusa.com\/pt\/wp-json\/wp\/v2\/posts"}],"about":[{"href":"https:\/\/tvbrazilusa.com\/pt\/wp-json\/wp\/v2\/types\/post"}],"author":[{"embeddable":true,"href":"https:\/\/tvbrazilusa.com\/pt\/wp-json\/wp\/v2\/users\/1"}],"replies":[{"embeddable":true,"href":"https:\/\/tvbrazilusa.com\/pt\/wp-json\/wp\/v2\/comments?post=107008"}],"version-history":[{"count":1,"href":"https:\/\/tvbrazilusa.com\/pt\/wp-json\/wp\/v2\/posts\/107008\/revisions"}],"predecessor-version":[{"id":107010,"href":"https:\/\/tvbrazilusa.com\/pt\/wp-json\/wp\/v2\/posts\/107008\/revisions\/107010"}],"wp:featuredmedia":[{"embeddable":true,"href":"https:\/\/tvbrazilusa.com\/pt\/wp-json\/wp\/v2\/media\/107009"}],"wp:attachment":[{"href":"https:\/\/tvbrazilusa.com\/pt\/wp-json\/wp\/v2\/media?parent=107008"}],"wp:term":[{"taxonomy":"category","embeddable":true,"href":"https:\/\/tvbrazilusa.com\/pt\/wp-json\/wp\/v2\/categories?post=107008"},{"taxonomy":"post_tag","embeddable":true,"href":"https:\/\/tvbrazilusa.com\/pt\/wp-json\/wp\/v2\/tags?post=107008"}],"curies":[{"name":"wp","href":"https:\/\/api.w.org\/{rel}","templated":true}]}}