{"id":107011,"date":"2025-02-27T15:46:30","date_gmt":"2025-02-27T15:46:30","guid":{"rendered":"https:\/\/tvbrazilusa.com\/2025\/02\/27\/pgr-solicita-arquivamento-de-inquerito-contra-ibaneis-por-omissao-nos-atos-de-8-de-janeiro\/"},"modified":"2025-02-27T15:46:32","modified_gmt":"2025-02-27T15:46:32","slug":"pgr-solicita-arquivamento-de-inquerito-contra-ibaneis-por-omissao-nos-atos-de-8-de-janeiro","status":"publish","type":"post","link":"https:\/\/tvbrazilusa.com\/pt\/2025\/02\/27\/pgr-solicita-arquivamento-de-inquerito-contra-ibaneis-por-omissao-nos-atos-de-8-de-janeiro\/","title":{"rendered":"PGR solicita arquivamento de inqu\u00e9rito contra Ibaneis por omiss\u00e3o nos atos de 8 de janeiro"},"content":{"rendered":"<p> <script async src=\"https:\/\/pagead2.googlesyndication.com\/pagead\/js\/adsbygoogle.js?client=ca-pub-8864793242727901\"\r\n     crossorigin=\"anonymous\"><\/script><br \/>\n<\/p>\n<div id=\"taboola-read-more\" style=\"display:block; width:100%\">\n<p>A Procuradoria-Geral da Rep\u00fablica (PGR) se manifestou na quarta-feira (26) a favor do arquivamento de um inqu\u00e9rito que investiga o governador do Distrito Federal, Ibaneis Rocha (MDB), por omiss\u00e3o no impedimento dos atos que resultaram na invas\u00e3o e depreda\u00e7\u00e3o das sedes dos Tr\u00eas Poderes, em Bras\u00edlia, em 8 de janeiro de 2023.\n<\/p>\n<p>Na manifesta\u00e7\u00e3o enviada ao Supremo Tribunal Federal (STF), a PGR afirmou que os fatos relatados at\u00e9 o momento n\u00e3o justificam o prosseguimento do inqu\u00e9rito contra Ibaneis.<\/p>\n<p>O procurador-geral da Rep\u00fablica, Paulo Gonet, cita que o governador \u201ccompareceu voluntariamente \u00e0 sede da Pol\u00edcia Federal e, com consentimento para acesso amplo, enviou dois aparelhos celulares que se encontravam em sua posse\u201d.\n<\/p>\n<p>Gonet tamb\u00e9m esclarece que uma apura\u00e7\u00e3o mostrou c\u00f3pias de documentos que repudiavam os ataques e pediam a ajuda da For\u00e7a Nacional. O parecer da PGR ser\u00e1 analisado pelo ministro Alexandre de Moraes, do STF, que \u00e9 relator do caso.\n<\/p>\n<p><strong>Entenda<\/strong>\n<\/p>\n<p>Um dia depois dos atos de 8 de janeiro, o governador Ibaneis Rocha foi afastado do cargo por 90 dias por ordem de Moraes. Por\u00e9m, o ministro revogou o afastamento pouco depois.\n<\/p>\n<p>Na ocasi\u00e3o, o relator do caso determinou a abertura de um inqu\u00e9rito sobre as condutas do governador e dos comandantes da Seguran\u00e7a P\u00fablica do DF durante os atos de vandalismo.\n<\/p>\n<p>Em sua defesa, Ibaneis declarou que \u201chavia motivo plaus\u00edvel\u201d para \u201cconfiar plenamente\u201d na efic\u00e1cia do modelo de atua\u00e7\u00e3o da Secretaria de Seguran\u00e7a P\u00fablica.\n<\/p>\n<p>No ano passado, Ibaneis chegou a pedir o arquivamento do inqu\u00e9rito. Na ocasi\u00e3o, o ministro Alexandre Moraes disse que o arquivamento seria \u201cprematuro\u201d.\n<\/p>\n<p><strong>CNN<\/strong>              <\/p>\n<\/div>\n<p><br \/>\n<br \/><a href=\"https:\/\/diariodobrasilnoticias.com.br\/noticia\/pgr-solicita-arquivamento-de-inquerito-contra-ibaneis-por-omissao-nos-atos-de-8-de-janeiro-67c06ca3e5642\">Source link <\/a><\/p>","protected":false},"excerpt":{"rendered":"<p>A Procuradoria-Geral da Rep\u00fablica (PGR) se manifestou na quarta-feira (26) a favor do arquivamento de um inqu\u00e9rito que investiga o governador do Distrito Federal, Ibaneis Rocha (MDB), por omiss\u00e3o no&hellip;<\/p>","protected":false},"author":1,"featured_media":107012,"comment_status":"closed","ping_status":"open","sticky":false,"template":"","format":"standard","meta":{"content-type":"","footnotes":""},"categories":[16],"tags":[123,2448,5313,1267],"class_list":["post-107011","post","type-post","status-publish","format-standard","has-post-thumbnail","hentry","category-noticias","tag-brasil","tag-diario","tag-noticia","tag-noticias"],"_links":{"self":[{"href":"https:\/\/tvbrazilusa.com\/pt\/wp-json\/wp\/v2\/posts\/107011","targetHints":{"allow":["GET"]}}],"collection":[{"href":"https:\/\/tvbrazilusa.com\/pt\/wp-json\/wp\/v2\/posts"}],"about":[{"href":"https:\/\/tvbrazilusa.com\/pt\/wp-json\/wp\/v2\/types\/post"}],"author":[{"embeddable":true,"href":"https:\/\/tvbrazilusa.com\/pt\/wp-json\/wp\/v2\/users\/1"}],"replies":[{"embeddable":true,"href":"https:\/\/tvbrazilusa.com\/pt\/wp-json\/wp\/v2\/comments?post=107011"}],"version-history":[{"count":1,"href":"https:\/\/tvbrazilusa.com\/pt\/wp-json\/wp\/v2\/posts\/107011\/revisions"}],"predecessor-version":[{"id":107013,"href":"https:\/\/tvbrazilusa.com\/pt\/wp-json\/wp\/v2\/posts\/107011\/revisions\/107013"}],"wp:featuredmedia":[{"embeddable":true,"href":"https:\/\/tvbrazilusa.com\/pt\/wp-json\/wp\/v2\/media\/107012"}],"wp:attachment":[{"href":"https:\/\/tvbrazilusa.com\/pt\/wp-json\/wp\/v2\/media?parent=107011"}],"wp:term":[{"taxonomy":"category","embeddable":true,"href":"https:\/\/tvbrazilusa.com\/pt\/wp-json\/wp\/v2\/categories?post=107011"},{"taxonomy":"post_tag","embeddable":true,"href":"https:\/\/tvbrazilusa.com\/pt\/wp-json\/wp\/v2\/tags?post=107011"}],"curies":[{"name":"wp","href":"https:\/\/api.w.org\/{rel}","templated":true}]}}