{"id":107014,"date":"2025-02-27T15:59:57","date_gmt":"2025-02-27T15:59:57","guid":{"rendered":"https:\/\/tvbrazilusa.com\/2025\/02\/27\/ministro-flavio-dino-faz-piada-com-possibilidade-de-moraes-ter-visto-cancelado-nos-eua-e-solidariza-se-com-colega\/"},"modified":"2025-02-27T15:59:59","modified_gmt":"2025-02-27T15:59:59","slug":"ministro-flavio-dino-faz-piada-com-possibilidade-de-moraes-ter-visto-cancelado-nos-eua-e-solidariza-se-com-colega","status":"publish","type":"post","link":"https:\/\/tvbrazilusa.com\/pt\/2025\/02\/27\/ministro-flavio-dino-faz-piada-com-possibilidade-de-moraes-ter-visto-cancelado-nos-eua-e-solidariza-se-com-colega\/","title":{"rendered":"Ministro Fl\u00e1vio Dino faz piada com possibilidade de Moraes ter visto cancelado nos EUA e solidariza-se com colega"},"content":{"rendered":"<p> <script async src=\"https:\/\/pagead2.googlesyndication.com\/pagead\/js\/adsbygoogle.js?client=ca-pub-8864793242727901\"\r\n     crossorigin=\"anonymous\"><\/script><br \/>\n<\/p>\n<div>\n<figure class=\"post-image\">\n<\/figure>\n<p>            <span style=\"font-size: 12px\">Reprodu\u00e7\u00e3o\/Instagram<\/span><\/p>\n<p>            <!-- end metas --><br \/>\n            <!-- ADS --><\/p>\n<div id=\"taboola-read-more\" style=\"display:block; width:100%\">\n<p>Nesta quinta-feira, 27 de fevereiro de 2025, o ministro do Supremo Tribunal Federal (STF) Fl\u00e1vio Dino publicou uma mensagem no Instagram em apoio ao colega Alexandre de Moraes, em meio a rumores de que este poderia ter seu visto americano cancelado, o que poderia impedi-lo de visitar os Estados Unidos. Com seu habitual tom descontra\u00eddo, Dino ironizou a situa\u00e7\u00e3o ao sugerir que, em vez de ir \u00e0s Carolinas do Norte ou do Sul nos EUA, Moraes poderia visitar a cidade de Carolina, no Maranh\u00e3o, seu estado natal. A postagem reflete tanto solidariedade quanto um toque de provoca\u00e7\u00e3o diante de supostas tens\u00f5es diplom\u00e1ticas envolvendo o Judici\u00e1rio brasileiro e os EUA.\n<\/p>\n<p>Na mensagem, Dino escreveu: \u201ce se quiser passar lindas f\u00e9rias pode ir a Carolina no Maranh\u00e3o, n\u00e3o vai sentir falta de outros lugares com o mesmo nome\u201d, fazendo refer\u00eancia aos estados americanos que levam o mesmo nome do munic\u00edpio maranhense. Ele ainda citou o artigo 4\u00ba da Constitui\u00e7\u00e3o Federal, que destaca princ\u00edpios como a soberania nacional e a preval\u00eancia dos direitos humanos, numa aparente defesa da atua\u00e7\u00e3o de Moraes. O ministro, conhecido por decis\u00f5es firmes contra o que ele chama de desinforma\u00e7\u00e3o e amea\u00e7as \u00e0 democracia, tem sido alvo de cr\u00edticas que reverberam al\u00e9m das fronteiras brasileiras, especialmente ap\u00f3s medidas que impactaram empresas de tecnologia americanas.<\/p>\n<\/p><\/div>\n<p>                        <!-- Scripts para conteudo --><\/p>\n<p>            <!-- .\/Scripts para conteudo --><br \/>\n            <!-- .\/Mat\u00e9ria --><\/p>\n<div class=\"row mt-3\">\n<div class=\"col-sm-6\">\n                <!-- Whatsapp channel 3--><br \/>\n                <a href=\"https:\/\/chat.whatsapp.com\/B8Qy6Erx4kb6yTzj3kaDco\" target=\"_blank\"><br \/>\n                  <img decoding=\"async\" src=\"https:\/\/diariodobrasilnoticias.com.br\/assets-site\/images\/bot_whatsapp.png\"\/><\/a>\n              <\/div>\n<div class=\"col-sm-6\">\n                <a href=\"https:\/\/t.me\/+_4gTmi5LKo03OTM5\" target=\"_blank\"><br \/>\n                  <img decoding=\"async\" src=\"https:\/\/diariodobrasilnoticias.com.br\/assets-site\/images\/bot_telegram.png\"\/><\/a>\n              <\/div>\n<\/p><\/div>\n<p>            <!-- end post-navigation --><\/p>\n<p>              <!-- end row --><\/p>\n<p>              <!-- end col-12-->\n                      <\/div>\n<p><br \/>\n<br \/><a href=\"https:\/\/diariodobrasilnoticias.com.br\/noticia\/ministro-flavio-dino-faz-piada-com-possibilidade-de-moraes-ter-visto-cancelado-nos-eua-e-solidariza-se-com-colega-67c06ea2d4616\">Source link <\/a><\/p>","protected":false},"excerpt":{"rendered":"<p>Reprodu\u00e7\u00e3o\/Instagram Nesta quinta-feira, 27 de fevereiro de 2025, o ministro do Supremo Tribunal Federal (STF) Fl\u00e1vio Dino publicou uma mensagem no Instagram em apoio ao colega Alexandre de Moraes, em&hellip;<\/p>","protected":false},"author":1,"featured_media":107015,"comment_status":"closed","ping_status":"open","sticky":false,"template":"","format":"standard","meta":{"content-type":"","footnotes":""},"categories":[16],"tags":[123,2448,5313,1267],"class_list":["post-107014","post","type-post","status-publish","format-standard","has-post-thumbnail","hentry","category-noticias","tag-brasil","tag-diario","tag-noticia","tag-noticias"],"_links":{"self":[{"href":"https:\/\/tvbrazilusa.com\/pt\/wp-json\/wp\/v2\/posts\/107014","targetHints":{"allow":["GET"]}}],"collection":[{"href":"https:\/\/tvbrazilusa.com\/pt\/wp-json\/wp\/v2\/posts"}],"about":[{"href":"https:\/\/tvbrazilusa.com\/pt\/wp-json\/wp\/v2\/types\/post"}],"author":[{"embeddable":true,"href":"https:\/\/tvbrazilusa.com\/pt\/wp-json\/wp\/v2\/users\/1"}],"replies":[{"embeddable":true,"href":"https:\/\/tvbrazilusa.com\/pt\/wp-json\/wp\/v2\/comments?post=107014"}],"version-history":[{"count":1,"href":"https:\/\/tvbrazilusa.com\/pt\/wp-json\/wp\/v2\/posts\/107014\/revisions"}],"predecessor-version":[{"id":107016,"href":"https:\/\/tvbrazilusa.com\/pt\/wp-json\/wp\/v2\/posts\/107014\/revisions\/107016"}],"wp:featuredmedia":[{"embeddable":true,"href":"https:\/\/tvbrazilusa.com\/pt\/wp-json\/wp\/v2\/media\/107015"}],"wp:attachment":[{"href":"https:\/\/tvbrazilusa.com\/pt\/wp-json\/wp\/v2\/media?parent=107014"}],"wp:term":[{"taxonomy":"category","embeddable":true,"href":"https:\/\/tvbrazilusa.com\/pt\/wp-json\/wp\/v2\/categories?post=107014"},{"taxonomy":"post_tag","embeddable":true,"href":"https:\/\/tvbrazilusa.com\/pt\/wp-json\/wp\/v2\/tags?post=107014"}],"curies":[{"name":"wp","href":"https:\/\/api.w.org\/{rel}","templated":true}]}}