{"id":107017,"date":"2025-02-27T16:15:35","date_gmt":"2025-02-27T16:15:35","guid":{"rendered":"https:\/\/tvbrazilusa.com\/2025\/02\/27\/vida-ganhou-proposito-com-jesus-diz-ex-musa-do-carnaval\/"},"modified":"2025-02-27T16:15:37","modified_gmt":"2025-02-27T16:15:37","slug":"vida-ganhou-proposito-com-jesus-diz-ex-musa-do-carnaval","status":"publish","type":"post","link":"https:\/\/tvbrazilusa.com\/pt\/2025\/02\/27\/vida-ganhou-proposito-com-jesus-diz-ex-musa-do-carnaval\/","title":{"rendered":"Vida ganhou prop\u00f3sito com Jesus, diz ex-musa do carnaval"},"content":{"rendered":"<p> <script async src=\"https:\/\/pagead2.googlesyndication.com\/pagead\/js\/adsbygoogle.js?client=ca-pub-8864793242727901\"\r\n     crossorigin=\"anonymous\"><\/script><br \/>\n<\/p>\n<div id=\"taboola-read-more\" style=\"display:block; width:100%\">\n<p>A ex-modelo e psicanalista \u00c2ngela Bismarchi deu novas declara\u00e7\u00f5es sobre f\u00e9 e afastamento do carnaval. Por meio de sua assessoria, ela disse ao Pleno.News que, desde sua convers\u00e3o a Jesus Cristo, a vida ganhou um novo prop\u00f3sito.\n<\/p>\n<p>\u2013 Mais um carnaval se inicia, e novamente, pela gra\u00e7a de Deus, sigo um caminho diferente daquele que percorri por tantos anos. Minha hist\u00f3ria com o carnaval foi intensa, cheia de momentos marcantes, conquistas e alegrias. Mas, desde minha convers\u00e3o, minha vida ganhou um novo prop\u00f3sito, e hoje encontro plenitude na f\u00e9 e na caminhada com Cristo \u2013 falou.<\/p>\n<p>\u00c2ngela, que j\u00e1 foi musa do carnaval carioca, explicou que n\u00e3o renega o passado, mas escolhe viver com foco em Deus e nos valores espirituais.\n<\/p>\n<p>\u2013 N\u00e3o renego meu passado, pois ele faz parte da minha trajet\u00f3ria, mas minha escolha agora \u00e9 por uma vida de valores espirituais, focada em Deus e na transforma\u00e7\u00e3o que Ele operou em mim.\n<\/p>\n<p>\u00c2ngela disse ainda que, durante o carnaval, ficar\u00e1 em casa e tamb\u00e9m participar\u00e1 da programa\u00e7\u00e3o da igreja. Ela contou que vai aproveitar o per\u00edodo para fortalecer seu relacionamento com Deus.\n<\/p>\n<p>\u2013 Esse ano optei por ficar em casa e participar da programa\u00e7\u00e3o da igreja. Moro na regi\u00e3o oce\u00e2nica de Niter\u00f3i, ent\u00e3o tenho um contato com a natureza privilegiado. Vou aproveitar para relaxar e fortalecer meu relacionamento com Deus.<\/p>\n<p>Fonte: Pleno News              <\/p>\n<\/div>\n<p><br \/>\n<br \/><a href=\"https:\/\/diariodobrasilnoticias.com.br\/noticia\/vida-ganhou-proposito-com-jesus-diz-ex-musa-do-carnaval-67c07166659da\">Source link <\/a><\/p>","protected":false},"excerpt":{"rendered":"<p>A ex-modelo e psicanalista \u00c2ngela Bismarchi deu novas declara\u00e7\u00f5es sobre f\u00e9 e afastamento do carnaval. Por meio de sua assessoria, ela disse ao Pleno.News que, desde sua convers\u00e3o a Jesus&hellip;<\/p>","protected":false},"author":1,"featured_media":107018,"comment_status":"closed","ping_status":"open","sticky":false,"template":"","format":"standard","meta":{"content-type":"","footnotes":""},"categories":[16],"tags":[123,2448,5313,1267],"class_list":["post-107017","post","type-post","status-publish","format-standard","has-post-thumbnail","hentry","category-noticias","tag-brasil","tag-diario","tag-noticia","tag-noticias"],"_links":{"self":[{"href":"https:\/\/tvbrazilusa.com\/pt\/wp-json\/wp\/v2\/posts\/107017","targetHints":{"allow":["GET"]}}],"collection":[{"href":"https:\/\/tvbrazilusa.com\/pt\/wp-json\/wp\/v2\/posts"}],"about":[{"href":"https:\/\/tvbrazilusa.com\/pt\/wp-json\/wp\/v2\/types\/post"}],"author":[{"embeddable":true,"href":"https:\/\/tvbrazilusa.com\/pt\/wp-json\/wp\/v2\/users\/1"}],"replies":[{"embeddable":true,"href":"https:\/\/tvbrazilusa.com\/pt\/wp-json\/wp\/v2\/comments?post=107017"}],"version-history":[{"count":1,"href":"https:\/\/tvbrazilusa.com\/pt\/wp-json\/wp\/v2\/posts\/107017\/revisions"}],"predecessor-version":[{"id":107019,"href":"https:\/\/tvbrazilusa.com\/pt\/wp-json\/wp\/v2\/posts\/107017\/revisions\/107019"}],"wp:featuredmedia":[{"embeddable":true,"href":"https:\/\/tvbrazilusa.com\/pt\/wp-json\/wp\/v2\/media\/107018"}],"wp:attachment":[{"href":"https:\/\/tvbrazilusa.com\/pt\/wp-json\/wp\/v2\/media?parent=107017"}],"wp:term":[{"taxonomy":"category","embeddable":true,"href":"https:\/\/tvbrazilusa.com\/pt\/wp-json\/wp\/v2\/categories?post=107017"},{"taxonomy":"post_tag","embeddable":true,"href":"https:\/\/tvbrazilusa.com\/pt\/wp-json\/wp\/v2\/tags?post=107017"}],"curies":[{"name":"wp","href":"https:\/\/api.w.org\/{rel}","templated":true}]}}