{"id":107022,"date":"2025-02-27T16:27:24","date_gmt":"2025-02-27T16:27:24","guid":{"rendered":"https:\/\/tvbrazilusa.com\/2025\/02\/27\/alternativa-a-escala-6x1-pec-da-alforria-tem-146-apoiadores-veja-lista\/"},"modified":"2025-02-27T16:27:26","modified_gmt":"2025-02-27T16:27:26","slug":"alternativa-a-escala-6x1-pec-da-alforria-tem-146-apoiadores-veja-lista","status":"publish","type":"post","link":"https:\/\/tvbrazilusa.com\/pt\/2025\/02\/27\/alternativa-a-escala-6x1-pec-da-alforria-tem-146-apoiadores-veja-lista\/","title":{"rendered":"Alternativa \u00e0 escala 6&#215;1, PEC da Alforria tem 146 apoiadores; veja lista"},"content":{"rendered":"<p> <script async src=\"https:\/\/pagead2.googlesyndication.com\/pagead\/js\/adsbygoogle.js?client=ca-pub-8864793242727901\"\r\n     crossorigin=\"anonymous\"><\/script><br \/>\n<\/p>\n<div id=\"taboola-read-more\" style=\"display:block; width:100%\">\n<p>A Proposta de Emenda \u00e0 Constitui\u00e7\u00e3o da Alforria, alternativa \u00e0 PEC da Escala 6\u00d71 da deputada Erika Hilton (Psol-SP), ampliou seu apoio na C\u00e2mara. O projeto de Mauricio Marcon (Podemos-RS) alcan\u00e7ou 146 apoiadores at\u00e9 a manh\u00e3 desta quinta-feira, 27.\u00a0\n<\/p>\n<p>Nesta semana, Erika Hilton protocolou a PEC da Escala 6\u00d71 na C\u00e2mara. A proposta n\u00e3o conta com um estudo de impacto na economia brasileira, conforme dito pela pr\u00f3pria parlamentar em entrevista \u00e0 Globonews em novembro.\u00a0<\/p>\n<p>Segundo Marcon, a PEC da Alforria visa a \u201ccopiar o que deu certo no mundo, ou seja, o modelo americano que permite a flexibilidade de cada um trabalhar quantas horas achar que deve\u201d.<\/p>\n<p>Para o parlamentar, o projeto de Erika Hilton prop\u00f5e um \u201cengessamento\u201d da jornada de trabalho no pa\u00eds. \u201cNo texto da PEC da Escala 6\u00d71, somente vai ser poss\u00edvel trabalhar quatro dias por semana\u201d, disse.\n<\/p>\n<p>\u201cEnt\u00e3o a nossa permite que a pessoa trabalhe desde um dia at\u00e9 quantos dias ela achar necess\u00e1rio\u201d, declarou Marcon. \u201cNossa proposta se baseia nos modelos econ\u00f4micos que trazem prosperidade aos povos que os implementam \u2014 os modelos baseados na flexibilidade e na liberdade de escolha dos trabalhadores.\u201d\n<\/p>\n<p>\u00a0<\/p>\n<p>Para a PEC da Alforria tramitar na C\u00e2mara, o texto precisa do apoio de 1\/3 do total de parlamentares da Casa, ou seja, 171 deputados federais. Das 146 assinaturas da peti\u00e7\u00e3o, 143 s\u00e3o v\u00e1lidas. Veja os parlamentares que apoiam a proposta:\n<\/p>\n<ul>\n<li>Abilio Brunini<\/li>\n<li>Adilson Barroso<\/li>\n<li>Adriana Ventura<\/li>\n<li>Alberto Fraga<\/li>\n<li>Alceu Moreira<\/li>\n<li>Alex Manente<\/li>\n<li>Alexandre Guimar\u00e3es<\/li>\n<li>Alfredo Gaspar<\/li>\n<li>Allan Garc\u00eas<\/li>\n<li>Amaro Neto<\/li>\n<li>Andr\u00e9 Fernandes<\/li>\n<li>Any Ortiz<\/li>\n<li>Beto Pereira<\/li>\n<li>Bia Kicis<\/li>\n<li>Bibo Nunes<\/li>\n<li>Cabo Gilberto Silva<\/li>\n<li>Capit\u00e3o Alberto Neto<\/li>\n<li>Capit\u00e3o Alden<\/li>\n<li>Carla Zambelli<\/li>\n<li>Carlos Chiodini<\/li>\n<li>Carlos Jordy<\/li>\n<li>Caroline de Toni<\/li>\n<li>Chris Tonietto<\/li>\n<li>Clarissa T\u00e9rcio<\/li>\n<li>Cobalchini<\/li>\n<li>Coronel Assis<\/li>\n<li>Coronel Chris\u00f3stomo<\/li>\n<li>Coronel Fernanda<\/li>\n<li>Coronel Meira<\/li>\n<li>Coronel Ulysses<\/li>\n<li>Covatti Filho<\/li>\n<li>Daniel Freitas<\/li>\n<li>Daniel Trzeciak<\/li>\n<li>Daniela Reinehr<\/li>\n<li>David Soares<\/li>\n<li>Delegado Bruno Lima<\/li>\n<li>Delegado Caveira<\/li>\n<li>Delegado \u00c9der Mauro<\/li>\n<li>Delegado Marcelo Freitas<\/li>\n<li>Delegado Palumbo<\/li>\n<li>Delegado Paulo Bilynskyj<\/li>\n<li>Delegado Ramagem<\/li>\n<li>Domingos S\u00e1vio<\/li>\n<li>Dra. Mayra Pinheiro<\/li>\n<li>Dr. Fernando M\u00e1ximo<\/li>\n<li>Dr. Jaziel<\/li>\n<li>Dr. Luiz Ovando<\/li>\n<li>Dr. Zacharias Calil<\/li>\n<li>Duda Ramos<\/li>\n<li>Eduardo Bolsonaro<\/li>\n<li>Eli Borges<\/li>\n<li>Eros Biondini<\/li>\n<li>Evair Vieira de Melo<\/li>\n<li>Fabio Schiochet<\/li>\n<li>Fernando Rodolfo<\/li>\n<li>Filipe Barros<\/li>\n<li>Filipe Martins<\/li>\n<li>Franciane Bayer<\/li>\n<li>General Gir\u00e3o<\/li>\n<li>General Pazuello<\/li>\n<li>Gilson Daniel<\/li>\n<li>Gilson Marques<\/li>\n<li>Gilvan da Federal<\/li>\n<li>Giovani Cherini<\/li>\n<li>Greyce Elias<\/li>\n<li>Gustavo Gayer<\/li>\n<li>Gutemberg Reis<\/li>\n<li>Helio Lopes<\/li>\n<li>Icaro de Valmir<\/li>\n<li>Ismael<\/li>\n<li>Jefferson Campos<\/li>\n<li>Joaquim Passarinho<\/li>\n<li>Julia Zanatta<\/li>\n<li>Julio Lopes<\/li>\n<li>Juninho do Pneu<\/li>\n<li>Junio Amaral<\/li>\n<li>Jorge Goetten<\/li>\n<li>Jos\u00e9 Medeiros<\/li>\n<li>Kim Kataguiri<\/li>\n<li>Lafayette de Andrada<\/li>\n<li>Leur Lomanto J\u00fanior<\/li>\n<li>Lincoln Portela<\/li>\n<li>Lucas Redecker<\/li>\n<li>Lucio Mosquini<\/li>\n<li>Luis Carlos Gomes<\/li>\n<li>Luisa Canziani<\/li>\n<li>Luiz Carlos Busato<\/li>\n<li>Luiz Gast\u00e3o<\/li>\n<li>Luiz Lima<\/li>\n<li>Luiz Philippe de Orleans e Bragan\u00e7a<\/li>\n<li>Marcel van Hattem<\/li>\n<li>Marcelo Moraes<\/li>\n<li>Marcio Alvino<\/li>\n<li>Marco Brasil<\/li>\n<li>Marcos Pollon<\/li>\n<li>Mario Frias<\/li>\n<li>Maur\u00edcio Carvalho<\/li>\n<li>Mauricio do V\u00f4lei<\/li>\n<li>Mauricio Marcon<\/li>\n<li>Mendon\u00e7a Filho<\/li>\n<li>Mersinho Lucena<\/li>\n<li>Messias Donato<\/li>\n<li>Nelson Barbudo<\/li>\n<li>Nely Aquino<\/li>\n<li>Nicoletti<\/li>\n<li>Nikolas Ferreira<\/li>\n<li>Osmar Terra<\/li>\n<li>Otoni de Paula<\/li>\n<li>Padovani<\/li>\n<li>Pastor Diniz<\/li>\n<li>Paulo Freire Costa<\/li>\n<li>Pedro Aihara<\/li>\n<li>Pedro Lupion<\/li>\n<li>Pedro Westphalen<\/li>\n<li>Pezenti<\/li>\n<li>Pr. Marco Feliciano<\/li>\n<li>Professor Alcides<\/li>\n<li>Reinhold Stephanes<\/li>\n<li>Renata Abreu<\/li>\n<li>Ricardo Salles<\/li>\n<li>Roberta Roma<\/li>\n<li>Rodolfo Nogueira<\/li>\n<li>Rodrigo Gambale<\/li>\n<li>Rodrigo Valadares<\/li>\n<li>Romero Rodrigues<\/li>\n<li>Rosangela Moro<\/li>\n<li>Sanderson<\/li>\n<li>Sargento Fahur<\/li>\n<li>Sargento Gon\u00e7alves<\/li>\n<li>Sargento Portugal<\/li>\n<li>Sergio Souza<\/li>\n<li>Silvia Cristina<\/li>\n<li>Silvia Wai\u00e3pi<\/li>\n<li>Silvye Alves<\/li>\n<li>S\u00f3stenes Cavalcante<\/li>\n<li>Stefano Aguiar<\/li>\n<li>Tadeu Oliveira<\/li>\n<li>Thiago de Joaldo<\/li>\n<li>Thiago Flores<\/li>\n<li>Toninho Wandscheer<\/li>\n<li>Vermelho<\/li>\n<li>Vicentinho J\u00fanior<\/li>\n<li>Waldemar Oliveira<\/li>\n<li>Z\u00e9 Trov\u00e3o<\/li>\n<li>Z\u00e9 Vitor<\/li>\n<li>Zucco<\/li>\n<\/ul>\n<p><strong>PEC da Escala 6\u00d71 \u00e9 protocolada com erro<\/strong><br \/>A \u00faltima vers\u00e3o do texto protocolado pela psolista na Casa ainda seguia com o erro de matem\u00e1tica b\u00e1sica, que j\u00e1 tinha sido exposto por Oeste em primeira m\u00e3o em 12 de novembro.\n<\/p>\n<p>Diferente do que \u00e9 apresentado pela psolista na proposta, oito horas de trabalho por dia por quatro dias chegariam a 32 horas trabalhadas por semana, e n\u00e3o 36, como indicado no texto da PEC.\n<\/p>\n<p>\u201cXIII \u2013 dura\u00e7\u00e3o do trabalho normal n\u00e3o superior a oito horas di\u00e1rias e trinta e seis horas semanais, com jornada de trabalho de quatro dias por semana, facultada a compensa\u00e7\u00e3o de hor\u00e1rios e a redu\u00e7\u00e3o de jornada, mediante acordo ou conven\u00e7\u00e3o coletiva de trabalho\u201d.\n<\/p>\n<p>O trecho da proposta tamb\u00e9m pro\u00edbe outros formatos de escalas trabalhistas, como a 5\u00d72, por exemplo. Isso porque, determina-se a \u201cjornada de trabalho de quatro dias por semana\u201d.\n<\/p>\n<p>Erika Hilton n\u00e3o explica na proposta como ficam os servi\u00e7os ou as atividades essenciais com o novo formato, como seguran\u00e7a p\u00fablica e atendimento hospitalar. Tamb\u00e9m n\u00e3o \u00e9 definido como ficam as escalas das escolas e, consequentemente, os impactos na educa\u00e7\u00e3o.\n<\/p>\n<p>Fonte: Revista Oeste              <\/p>\n<\/div>\n<p><br \/>\n<br \/><a href=\"https:\/\/diariodobrasilnoticias.com.br\/noticia\/alternativa-a-escala-6x1-pec-da-alforria-tem-146-apoiadores-veja-lista-67c06f8f8c1db\">Source link <\/a><\/p>","protected":false},"excerpt":{"rendered":"<p>A Proposta de Emenda \u00e0 Constitui\u00e7\u00e3o da Alforria, alternativa \u00e0 PEC da Escala 6\u00d71 da deputada Erika Hilton (Psol-SP), ampliou seu apoio na C\u00e2mara. O projeto de Mauricio Marcon (Podemos-RS)&hellip;<\/p>","protected":false},"author":1,"featured_media":107023,"comment_status":"closed","ping_status":"open","sticky":false,"template":"","format":"standard","meta":{"content-type":"","footnotes":""},"categories":[16],"tags":[123,2448,5313,1267],"class_list":["post-107022","post","type-post","status-publish","format-standard","has-post-thumbnail","hentry","category-noticias","tag-brasil","tag-diario","tag-noticia","tag-noticias"],"_links":{"self":[{"href":"https:\/\/tvbrazilusa.com\/pt\/wp-json\/wp\/v2\/posts\/107022","targetHints":{"allow":["GET"]}}],"collection":[{"href":"https:\/\/tvbrazilusa.com\/pt\/wp-json\/wp\/v2\/posts"}],"about":[{"href":"https:\/\/tvbrazilusa.com\/pt\/wp-json\/wp\/v2\/types\/post"}],"author":[{"embeddable":true,"href":"https:\/\/tvbrazilusa.com\/pt\/wp-json\/wp\/v2\/users\/1"}],"replies":[{"embeddable":true,"href":"https:\/\/tvbrazilusa.com\/pt\/wp-json\/wp\/v2\/comments?post=107022"}],"version-history":[{"count":1,"href":"https:\/\/tvbrazilusa.com\/pt\/wp-json\/wp\/v2\/posts\/107022\/revisions"}],"predecessor-version":[{"id":107024,"href":"https:\/\/tvbrazilusa.com\/pt\/wp-json\/wp\/v2\/posts\/107022\/revisions\/107024"}],"wp:featuredmedia":[{"embeddable":true,"href":"https:\/\/tvbrazilusa.com\/pt\/wp-json\/wp\/v2\/media\/107023"}],"wp:attachment":[{"href":"https:\/\/tvbrazilusa.com\/pt\/wp-json\/wp\/v2\/media?parent=107022"}],"wp:term":[{"taxonomy":"category","embeddable":true,"href":"https:\/\/tvbrazilusa.com\/pt\/wp-json\/wp\/v2\/categories?post=107022"},{"taxonomy":"post_tag","embeddable":true,"href":"https:\/\/tvbrazilusa.com\/pt\/wp-json\/wp\/v2\/tags?post=107022"}],"curies":[{"name":"wp","href":"https:\/\/api.w.org\/{rel}","templated":true}]}}