{"id":107038,"date":"2025-02-27T16:55:20","date_gmt":"2025-02-27T16:55:20","guid":{"rendered":"https:\/\/tvbrazilusa.com\/2025\/02\/27\/surfista-brasileiro-e-piloto-de-resgate-sao-engolidos-por-onda-gigante-veja-video\/"},"modified":"2025-02-27T16:55:22","modified_gmt":"2025-02-27T16:55:22","slug":"surfista-brasileiro-e-piloto-de-resgate-sao-engolidos-por-onda-gigante-veja-video","status":"publish","type":"post","link":"https:\/\/tvbrazilusa.com\/pt\/2025\/02\/27\/surfista-brasileiro-e-piloto-de-resgate-sao-engolidos-por-onda-gigante-veja-video\/","title":{"rendered":"Surfista brasileiro e piloto de resgate s\u00e3o engolidos por onda gigante; VEJA V\u00cdDEO"},"content":{"rendered":"<p> <script async src=\"https:\/\/pagead2.googlesyndication.com\/pagead\/js\/adsbygoogle.js?client=ca-pub-8864793242727901\"\r\n     crossorigin=\"anonymous\"><\/script><br \/>\n<\/p>\n<div id=\"taboola-read-more\" style=\"display:block; width:100%\">\n<p>O surfista brasileiro Will Santana enfrentou um momento de p\u00e2nico na \u00faltima segunda-feira (24), durante o campeonato Gigantes de Nazar\u00e9, em Portugal. Ele e o piloto de resgate Daniel Rangel foram engolidos por uma onda gigantesca, assustando os espectadores da prova.<\/p>\n<p>O incidente ocorreu na Praia do Norte e foi compartilhado nas redes sociais do evento. As imagens mostram Daniel pulando do jetski, percebendo que n\u00e3o conseguiriam escapar da for\u00e7a da onda.<\/p>\n<p>Apesar do susto, Will e Daniel sofreram apenas leves ferimentos e passam bem.\n<\/p>\n<p>ASSISTA:<\/p>\n<p>Fonte: @luizbacci              <\/p>\n<\/div>\n<p><br \/>\n<br \/><a href=\"https:\/\/diariodobrasilnoticias.com.br\/noticia\/surfista-brasileiro-e-piloto-de-resgate-sao-engolidos-por-onda-gigante-veja-video-67c074c19cc13\">Source link <\/a><\/p>","protected":false},"excerpt":{"rendered":"<p>O surfista brasileiro Will Santana enfrentou um momento de p\u00e2nico na \u00faltima segunda-feira (24), durante o campeonato Gigantes de Nazar\u00e9, em Portugal. Ele e o piloto de resgate Daniel Rangel&hellip;<\/p>","protected":false},"author":1,"featured_media":107039,"comment_status":"closed","ping_status":"open","sticky":false,"template":"","format":"standard","meta":{"content-type":"","footnotes":""},"categories":[16],"tags":[123,2448,5313,1267],"class_list":["post-107038","post","type-post","status-publish","format-standard","has-post-thumbnail","hentry","category-noticias","tag-brasil","tag-diario","tag-noticia","tag-noticias"],"_links":{"self":[{"href":"https:\/\/tvbrazilusa.com\/pt\/wp-json\/wp\/v2\/posts\/107038","targetHints":{"allow":["GET"]}}],"collection":[{"href":"https:\/\/tvbrazilusa.com\/pt\/wp-json\/wp\/v2\/posts"}],"about":[{"href":"https:\/\/tvbrazilusa.com\/pt\/wp-json\/wp\/v2\/types\/post"}],"author":[{"embeddable":true,"href":"https:\/\/tvbrazilusa.com\/pt\/wp-json\/wp\/v2\/users\/1"}],"replies":[{"embeddable":true,"href":"https:\/\/tvbrazilusa.com\/pt\/wp-json\/wp\/v2\/comments?post=107038"}],"version-history":[{"count":1,"href":"https:\/\/tvbrazilusa.com\/pt\/wp-json\/wp\/v2\/posts\/107038\/revisions"}],"predecessor-version":[{"id":107040,"href":"https:\/\/tvbrazilusa.com\/pt\/wp-json\/wp\/v2\/posts\/107038\/revisions\/107040"}],"wp:featuredmedia":[{"embeddable":true,"href":"https:\/\/tvbrazilusa.com\/pt\/wp-json\/wp\/v2\/media\/107039"}],"wp:attachment":[{"href":"https:\/\/tvbrazilusa.com\/pt\/wp-json\/wp\/v2\/media?parent=107038"}],"wp:term":[{"taxonomy":"category","embeddable":true,"href":"https:\/\/tvbrazilusa.com\/pt\/wp-json\/wp\/v2\/categories?post=107038"},{"taxonomy":"post_tag","embeddable":true,"href":"https:\/\/tvbrazilusa.com\/pt\/wp-json\/wp\/v2\/tags?post=107038"}],"curies":[{"name":"wp","href":"https:\/\/api.w.org\/{rel}","templated":true}]}}