{"id":107497,"date":"2025-03-01T12:07:59","date_gmt":"2025-03-01T12:07:59","guid":{"rendered":"https:\/\/tvbrazilusa.com\/2025\/03\/01\/stf-contratou-empresa-para-monitorar-mencoes-a-corte-nas-redes-sociais-saiba-mais\/"},"modified":"2025-03-01T12:08:00","modified_gmt":"2025-03-01T12:08:00","slug":"stf-contratou-empresa-para-monitorar-mencoes-a-corte-nas-redes-sociais-saiba-mais","status":"publish","type":"post","link":"https:\/\/tvbrazilusa.com\/pt\/2025\/03\/01\/stf-contratou-empresa-para-monitorar-mencoes-a-corte-nas-redes-sociais-saiba-mais\/","title":{"rendered":"STF contratou empresa para monitorar men\u00e7\u00f5es \u00e0 corte nas redes sociais; saiba mais"},"content":{"rendered":"<p> <script async src=\"https:\/\/pagead2.googlesyndication.com\/pagead\/js\/adsbygoogle.js?client=ca-pub-8864793242727901\"\r\n     crossorigin=\"anonymous\"><\/script><br \/>\n<\/p>\n<div id=\"taboola-read-more\" style=\"display:block; width:100%\">\n<p>O Supremo Tribunal Federal (STF) contratou uma empresa para monitorar, em tempo real, as men\u00e7\u00f5es \u00e0 corte nas redes sociais. A companhia contratada deve ainda produzir alertas instant\u00e2neos sobre as men\u00e7\u00f5es ao STF nas plataformas, al\u00e9m de entregar relat\u00f3rios anal\u00edticos di\u00e1rios (com an\u00e1lise quantitativa e qualitativa), boletins eventuais e um plano mensal de a\u00e7\u00e3o estrat\u00e9gica para a atua\u00e7\u00e3o nas redes sociais.\n<\/p>\n<p>A prestadora escolhida pelo STF foi a Connecta Brasil. A companhia foi selecionada por meio de um preg\u00e3o, com lance de R$ 170.040,00. O contrato come\u00e7ou a valer e 26 de julho de 2024 e tem previs\u00e3o de t\u00e9rmino em 25 de julho de 2025.<\/p>\n<p>A contrata\u00e7\u00e3o da empresa se d\u00e1 num contexto de contesta\u00e7\u00e3o da atua\u00e7\u00e3o do STF, que tem \u2013 segundo especialistas \u2013 ultrapassado suas atribui\u00e7\u00f5es constitucionais ao empreender uma cruzada contra as \u201cfake news\u201d e o \u201cdiscurso de \u00f3dio\u201d nas redes sociais.\n<\/p>\n<p>Fonte: Gazeta do Povo              <\/p>\n<\/div>\n<p><br \/>\n<br \/><a href=\"https:\/\/diariodobrasilnoticias.com.br\/noticia\/stf-contratou-empresa-para-monitorar-mencoes-a-corte-nas-redes-sociais-saiba-mais-67c2f4ef221ad\">Source link <\/a><\/p>","protected":false},"excerpt":{"rendered":"<p>O Supremo Tribunal Federal (STF) contratou uma empresa para monitorar, em tempo real, as men\u00e7\u00f5es \u00e0 corte nas redes sociais. A companhia contratada deve ainda produzir alertas instant\u00e2neos sobre as&hellip;<\/p>","protected":false},"author":1,"featured_media":107498,"comment_status":"closed","ping_status":"open","sticky":false,"template":"","format":"standard","meta":{"content-type":"","footnotes":""},"categories":[16],"tags":[123,2448,5313,1267],"class_list":["post-107497","post","type-post","status-publish","format-standard","has-post-thumbnail","hentry","category-noticias","tag-brasil","tag-diario","tag-noticia","tag-noticias"],"_links":{"self":[{"href":"https:\/\/tvbrazilusa.com\/pt\/wp-json\/wp\/v2\/posts\/107497","targetHints":{"allow":["GET"]}}],"collection":[{"href":"https:\/\/tvbrazilusa.com\/pt\/wp-json\/wp\/v2\/posts"}],"about":[{"href":"https:\/\/tvbrazilusa.com\/pt\/wp-json\/wp\/v2\/types\/post"}],"author":[{"embeddable":true,"href":"https:\/\/tvbrazilusa.com\/pt\/wp-json\/wp\/v2\/users\/1"}],"replies":[{"embeddable":true,"href":"https:\/\/tvbrazilusa.com\/pt\/wp-json\/wp\/v2\/comments?post=107497"}],"version-history":[{"count":1,"href":"https:\/\/tvbrazilusa.com\/pt\/wp-json\/wp\/v2\/posts\/107497\/revisions"}],"predecessor-version":[{"id":107499,"href":"https:\/\/tvbrazilusa.com\/pt\/wp-json\/wp\/v2\/posts\/107497\/revisions\/107499"}],"wp:featuredmedia":[{"embeddable":true,"href":"https:\/\/tvbrazilusa.com\/pt\/wp-json\/wp\/v2\/media\/107498"}],"wp:attachment":[{"href":"https:\/\/tvbrazilusa.com\/pt\/wp-json\/wp\/v2\/media?parent=107497"}],"wp:term":[{"taxonomy":"category","embeddable":true,"href":"https:\/\/tvbrazilusa.com\/pt\/wp-json\/wp\/v2\/categories?post=107497"},{"taxonomy":"post_tag","embeddable":true,"href":"https:\/\/tvbrazilusa.com\/pt\/wp-json\/wp\/v2\/tags?post=107497"}],"curies":[{"name":"wp","href":"https:\/\/api.w.org\/{rel}","templated":true}]}}