{"id":107506,"date":"2025-03-01T12:49:03","date_gmt":"2025-03-01T12:49:03","guid":{"rendered":"https:\/\/tvbrazilusa.com\/2025\/03\/01\/decisao-que-expulsou-estudante-de-direita-do-curso-de-direito-da-usp-pode-ser-revista-pela-instituicao-saiba-o-que-aconteceu\/"},"modified":"2025-03-01T12:49:05","modified_gmt":"2025-03-01T12:49:05","slug":"decisao-que-expulsou-estudante-de-direita-do-curso-de-direito-da-usp-pode-ser-revista-pela-instituicao-saiba-o-que-aconteceu","status":"publish","type":"post","link":"https:\/\/tvbrazilusa.com\/pt\/2025\/03\/01\/decisao-que-expulsou-estudante-de-direita-do-curso-de-direito-da-usp-pode-ser-revista-pela-instituicao-saiba-o-que-aconteceu\/","title":{"rendered":"Decis\u00e3o que expulsou &#8216;estudante de direita&#8217; do curso de Direito da USP pode ser revista pela institui\u00e7\u00e3o; saiba o que aconteceu"},"content":{"rendered":"<p> <script async src=\"https:\/\/pagead2.googlesyndication.com\/pagead\/js\/adsbygoogle.js?client=ca-pub-8864793242727901\"\r\n     crossorigin=\"anonymous\"><\/script><br \/>\n<\/p>\n<div id=\"taboola-read-more\" style=\"display:block; width:100%\">\n<p>A expuls\u00e3o do aluno Victor Henrique Ahlf Gomes \u2014 conhecido como \u201cestudante de direita\u201d na Universidade de S\u00e3o Paulo (USP) \u2014 est\u00e1 sendo reavaliada pela comiss\u00e3o deliberativa da Faculdade de Direito do Largo de S\u00e3o Francisco. Composta por professores, servidores e ex-alunos, a Congrega\u00e7\u00e3o se reuniu nesta quinta-feira (27) para um \u201cju\u00edzo de retrata\u00e7\u00e3o\u201d, que pode rever decis\u00e3o que proibiu o estudante de se formar.\n<\/p>\n<p>Victor tem 22 anos, concluiu o curso de Direito com alto desempenho acad\u00eamico \u2014 m\u00e9dia geral 9,1 \u2014 e nota m\u00e1xima no Trabalho de Conclus\u00e3o de Curso (TCC), mas afirma que foi expulso no final da gradua\u00e7\u00e3o por \u201cpersegui\u00e7\u00e3o pol\u00edtica\u201d em um processo administrativo sem provas que analisou \u201ccondutas ocorridas fora do ambiente f\u00edsico da faculdade\u201d.<\/p>\n<p>Integrantes da comiss\u00e3o ouvidos pela Gazeta do Povo relataram que, durante a sess\u00e3o desta quinta-feira (27), docentes da faculdade apontaram diversas ilegalidades na condu\u00e7\u00e3o do processo e tiveram &#8220;discuss\u00e3o intensa&#8221;. Diante disso, membros pediram vista para estudar melhor o caso. Eles apresentar\u00e3o relat\u00f3rios no dia 27 de mar\u00e7o, quando a pauta deve entrar novamente em vota\u00e7\u00e3o.\n<\/p>\n<p>Ainda de acordo com um dos membros da comiss\u00e3o, a reuni\u00e3o parece ter sido uma resposta da institui\u00e7\u00e3o ao recurso encaminhado pela defesa do aluno ao Conselho Universit\u00e1rio da USP, em outubro de 2024.\n<\/p>\n<p>No entanto, a advogada Alessandra Falken Parmiggiani \u2014 que representa Victor \u2014 aponta que n\u00e3o foi informada pela universidade a respeito do andamento do recurso e que, inclusive, precisou solicitar permiss\u00e3o para estar presente na sess\u00e3o e ser ouvida. \u201cSoube dessa reuni\u00e3o por terceiros e fiz requerimento para que eu e o estudante particip\u00e1ssemos\u201d, relata.\n<\/p>\n<p>Fonte: Gazeta do Povo              <\/p>\n<\/div>\n<p><br \/>\n<br \/><a href=\"https:\/\/diariodobrasilnoticias.com.br\/noticia\/decisao-que-expulsou-estudante-de-direita-do-curso-de-direito-da-usp-pode-ser-revista-pela-instituicao-saiba-o-que-aconteceu-67c2fcc8acb8d\">Source link <\/a><\/p>","protected":false},"excerpt":{"rendered":"<p>A expuls\u00e3o do aluno Victor Henrique Ahlf Gomes \u2014 conhecido como \u201cestudante de direita\u201d na Universidade de S\u00e3o Paulo (USP) \u2014 est\u00e1 sendo reavaliada pela comiss\u00e3o deliberativa da Faculdade de&hellip;<\/p>","protected":false},"author":1,"featured_media":107507,"comment_status":"closed","ping_status":"open","sticky":false,"template":"","format":"standard","meta":{"content-type":"","footnotes":""},"categories":[16],"tags":[123,2448,5313,1267],"class_list":["post-107506","post","type-post","status-publish","format-standard","has-post-thumbnail","hentry","category-noticias","tag-brasil","tag-diario","tag-noticia","tag-noticias"],"_links":{"self":[{"href":"https:\/\/tvbrazilusa.com\/pt\/wp-json\/wp\/v2\/posts\/107506","targetHints":{"allow":["GET"]}}],"collection":[{"href":"https:\/\/tvbrazilusa.com\/pt\/wp-json\/wp\/v2\/posts"}],"about":[{"href":"https:\/\/tvbrazilusa.com\/pt\/wp-json\/wp\/v2\/types\/post"}],"author":[{"embeddable":true,"href":"https:\/\/tvbrazilusa.com\/pt\/wp-json\/wp\/v2\/users\/1"}],"replies":[{"embeddable":true,"href":"https:\/\/tvbrazilusa.com\/pt\/wp-json\/wp\/v2\/comments?post=107506"}],"version-history":[{"count":1,"href":"https:\/\/tvbrazilusa.com\/pt\/wp-json\/wp\/v2\/posts\/107506\/revisions"}],"predecessor-version":[{"id":107508,"href":"https:\/\/tvbrazilusa.com\/pt\/wp-json\/wp\/v2\/posts\/107506\/revisions\/107508"}],"wp:featuredmedia":[{"embeddable":true,"href":"https:\/\/tvbrazilusa.com\/pt\/wp-json\/wp\/v2\/media\/107507"}],"wp:attachment":[{"href":"https:\/\/tvbrazilusa.com\/pt\/wp-json\/wp\/v2\/media?parent=107506"}],"wp:term":[{"taxonomy":"category","embeddable":true,"href":"https:\/\/tvbrazilusa.com\/pt\/wp-json\/wp\/v2\/categories?post=107506"},{"taxonomy":"post_tag","embeddable":true,"href":"https:\/\/tvbrazilusa.com\/pt\/wp-json\/wp\/v2\/tags?post=107506"}],"curies":[{"name":"wp","href":"https:\/\/api.w.org\/{rel}","templated":true}]}}