{"id":107520,"date":"2025-03-01T13:29:21","date_gmt":"2025-03-01T13:29:21","guid":{"rendered":"https:\/\/tvbrazilusa.com\/2025\/03\/01\/moraes-nega-pedido-de-prazo-em-dobro-para-braga-netto-encaminhar-resposta-a-denuncia-da-pgr-entenda\/"},"modified":"2025-03-01T13:29:23","modified_gmt":"2025-03-01T13:29:23","slug":"moraes-nega-pedido-de-prazo-em-dobro-para-braga-netto-encaminhar-resposta-a-denuncia-da-pgr-entenda","status":"publish","type":"post","link":"https:\/\/tvbrazilusa.com\/pt\/2025\/03\/01\/moraes-nega-pedido-de-prazo-em-dobro-para-braga-netto-encaminhar-resposta-a-denuncia-da-pgr-entenda\/","title":{"rendered":"Moraes nega pedido de prazo em dobro para Braga Netto encaminhar resposta \u00e0 den\u00fancia da PGR; entenda"},"content":{"rendered":"<p> <script async src=\"https:\/\/pagead2.googlesyndication.com\/pagead\/js\/adsbygoogle.js?client=ca-pub-8864793242727901\"\r\n     crossorigin=\"anonymous\"><\/script><br \/>\n<\/p>\n<div id=\"taboola-read-more\" style=\"display:block; width:100%\">\n<p>O ministro do Supremo Tribunal Federal (STF) Alexandre de Moraes negou, nesta sexta-feira (28\/2), o pedido da defesa do general Walter Braga Netto para que o prazo para resposta \u00e0 den\u00fancia da Procuradoria-Geral da Rep\u00fablica contra ele seja duplicado.\n<\/p>\n<p>O STF concedeu 15 dias para as defesas se manifestarem, desta forma, o tempo pedido chegaria a 30 dias. Ao negar parte da solicita\u00e7\u00e3o, o ministro do STF ironizou um suposto desconhecimento dos advogados em rela\u00e7\u00e3o ao caso.<\/p>\n<p>Braga Netto foi denunciado pelos crimes de organiza\u00e7\u00e3o criminosa armada, tentativa de aboli\u00e7\u00e3o violenta do Estado Democr\u00e1tico de Direito, golpe de Estado, dano qualificado pela viol\u00eancia e grave amea\u00e7a, contra o patrim\u00f4nio da Uni\u00e3o, e com consider\u00e1vel preju\u00edzo para a v\u00edtima e deteriora\u00e7\u00e3o de patrim\u00f4nio tombado.\n<\/p>\n<p>\u201cIndeferi o requerimento formulado pela Defesa de Walter Souza Braga Netto, uma vez que, a Defesa tem total e amplo acesso aos autos\u201d, escreveu Moraes no despacho que negou a solicita\u00e7\u00e3o da defesa do general.\n<\/p>\n<p>Conforme Moraes, Braga Netto foi notificado da den\u00fancia e sobre o prazo para manifesta\u00e7\u00e3o em 20 de fevereiro, mesma data em que a defesa entrou com o requerimento para mais prazo. Um dos motivos para pedir mais prazo foi de que a defesa n\u00e3o teria consegui acesso aos autos. No entanto, o ministro do STF afirma que a defesa tem \u201ctotal e amplo acesso aos autos\u201d.\n<\/p>\n<p>Na dela\u00e7\u00e3o, Mauro Cid afirma que Braga Netto era o elo entre Bolsonaro e os manifestantes acampados nas portas de quart\u00e9is. Conforme o ex-ajudante de ordens de Bolsonaro, o general \u201catualizava o ex-presidente sobre as manifesta\u00e7\u00f5es\u201d. O general ocupou dois minist\u00e9rios no governo passado: a Casa Civil e a Defesa. Ele tamb\u00e9m foi o vice na chapa de reelei\u00e7\u00e3o de Bolsonaro, ou seja, um indicativo de que era um nome de extrema confian\u00e7a do ex-mandat\u00e1rio.\n<\/p>\n<p>A defesa de Braga Netto tamb\u00e9m inseriu no pedido que n\u00e3o teria tido acesso \u201cfalta de acesso \u00e0 \u00edntegra da colabora\u00e7\u00e3o premiada de Mauro Cid\u201d.\n<\/p>\n<p>Fonte: Metr\u00f3poles              <\/p>\n<\/div>\n<p><br \/>\n<br \/><a href=\"https:\/\/diariodobrasilnoticias.com.br\/noticia\/moraes-nega-pedido-de-prazo-em-dobro-para-braga-netto-encaminhar-resposta-a-denuncia-da-pgr-entenda-67c2efc7721fc\">Source link <\/a><\/p>","protected":false},"excerpt":{"rendered":"<p>O ministro do Supremo Tribunal Federal (STF) Alexandre de Moraes negou, nesta sexta-feira (28\/2), o pedido da defesa do general Walter Braga Netto para que o prazo para resposta \u00e0&hellip;<\/p>","protected":false},"author":1,"featured_media":107521,"comment_status":"closed","ping_status":"open","sticky":false,"template":"","format":"standard","meta":{"content-type":"","footnotes":""},"categories":[16],"tags":[123,2448,5313,1267],"class_list":["post-107520","post","type-post","status-publish","format-standard","has-post-thumbnail","hentry","category-noticias","tag-brasil","tag-diario","tag-noticia","tag-noticias"],"_links":{"self":[{"href":"https:\/\/tvbrazilusa.com\/pt\/wp-json\/wp\/v2\/posts\/107520","targetHints":{"allow":["GET"]}}],"collection":[{"href":"https:\/\/tvbrazilusa.com\/pt\/wp-json\/wp\/v2\/posts"}],"about":[{"href":"https:\/\/tvbrazilusa.com\/pt\/wp-json\/wp\/v2\/types\/post"}],"author":[{"embeddable":true,"href":"https:\/\/tvbrazilusa.com\/pt\/wp-json\/wp\/v2\/users\/1"}],"replies":[{"embeddable":true,"href":"https:\/\/tvbrazilusa.com\/pt\/wp-json\/wp\/v2\/comments?post=107520"}],"version-history":[{"count":1,"href":"https:\/\/tvbrazilusa.com\/pt\/wp-json\/wp\/v2\/posts\/107520\/revisions"}],"predecessor-version":[{"id":107522,"href":"https:\/\/tvbrazilusa.com\/pt\/wp-json\/wp\/v2\/posts\/107520\/revisions\/107522"}],"wp:featuredmedia":[{"embeddable":true,"href":"https:\/\/tvbrazilusa.com\/pt\/wp-json\/wp\/v2\/media\/107521"}],"wp:attachment":[{"href":"https:\/\/tvbrazilusa.com\/pt\/wp-json\/wp\/v2\/media?parent=107520"}],"wp:term":[{"taxonomy":"category","embeddable":true,"href":"https:\/\/tvbrazilusa.com\/pt\/wp-json\/wp\/v2\/categories?post=107520"},{"taxonomy":"post_tag","embeddable":true,"href":"https:\/\/tvbrazilusa.com\/pt\/wp-json\/wp\/v2\/tags?post=107520"}],"curies":[{"name":"wp","href":"https:\/\/api.w.org\/{rel}","templated":true}]}}