{"id":107526,"date":"2025-03-01T13:55:29","date_gmt":"2025-03-01T13:55:29","guid":{"rendered":"https:\/\/tvbrazilusa.com\/2025\/03\/01\/pl-que-trata-da-anistia-aos-presos-do-8-1-avanca-na-camara\/"},"modified":"2025-03-01T13:55:33","modified_gmt":"2025-03-01T13:55:33","slug":"pl-que-trata-da-anistia-aos-presos-do-8-1-avanca-na-camara","status":"publish","type":"post","link":"https:\/\/tvbrazilusa.com\/pt\/2025\/03\/01\/pl-que-trata-da-anistia-aos-presos-do-8-1-avanca-na-camara\/","title":{"rendered":"PL que trata da anistia aos presos do 8\/1 avan\u00e7a na C\u00e2mara"},"content":{"rendered":"<p> <script async src=\"https:\/\/pagead2.googlesyndication.com\/pagead\/js\/adsbygoogle.js?client=ca-pub-8864793242727901\"\r\n     crossorigin=\"anonymous\"><\/script><br \/>\n<\/p>\n<div id=\"taboola-read-more\" style=\"display:block; width:100%\">\n<p>O PL da Anistia aos presos de 8 de janeiro de 2023 deve avan\u00e7ar para discuss\u00e3o em plen\u00e1rio da C\u00e2mara dos Deputados ainda neste primeiro semestre, conforme fontes do alto escal\u00e3o do Partido Liberal (PL) ouvidas pela coluna.\n<\/p>\n<p>No in\u00edcio da semana, o l\u00edder do PL na C\u00e2mara, deputado S\u00f3stenes Cavalcante (RJ), j\u00e1 havia confirmado o apoio de pelo menos 230 parlamentares. A oposi\u00e7\u00e3o articula desde a volta do Legislativo o di\u00e1logo sobre a anistia com outros l\u00edderes partid\u00e1rios do chamado \u201cCentr\u00e3o\u201d.<\/p>\n<p>Integrantes do PL, pr\u00f3ximos ao ex-presidente Jair Bolsonaro, afirmam que a ades\u00e3o de parlamentares do Centr\u00e3o subiu. Estima-se que o apoio ultrapasse 230 deputados. \u00c9 preciso o apoio de 257 para que o projeto seja aprovado na Casa.\n<\/p>\n<p>L\u00edderes buscam a tramita\u00e7\u00e3o da anistia\n<\/p>\n<p>Em entrevista exclusiva \u00e0 coluna, a l\u00edder da minoria na C\u00e2mara, Carol De Toni (PL-SC), afirma que a pauta da anistia \u00e9 uma \u201cprioridade\u201d para a oposi\u00e7\u00e3o. A deputada destaca que desde que o projeto foi retirado de pauta da CCJ \u2014 sob sua presid\u00eancia \u2014 no fim de 2023 pelo ent\u00e3o presidente da Casa, deputado Arthur Lira (PP-AL), \u201ctrabalha para que essa pauta n\u00e3o caia no esquecimento\u201d.\n<\/p>\n<p>\u201cN\u00e3o desistiremos at\u00e9 sua aprova\u00e7\u00e3o\u201d, declara. \u201cJ\u00e1 s\u00e3o mais de dois anos de sofrimento para centenas de fam\u00edlias, com inocentes pagando por crimes que n\u00e3o cometeram. Recebemos relatos diariamente e seguimos atuando em diversas frentes.\u201d\n<\/p>\n<p>A parlamentar diz que a oposi\u00e7\u00e3o cobra do novo presidente da C\u00e2mara, Hugo Motta (Republicanos-PB), a \u201cinstala\u00e7\u00e3o imediata da comiss\u00e3o especial para a aprova\u00e7\u00e3o da anistia\u201d.\n<\/p>\n<p>\u201cEm 2023 apresentei o requerimento 28\/23, com a coautoria de mais de 40 parlamentares, para criar uma comiss\u00e3o externa destinada a fiscalizar as investiga\u00e7\u00f5es e denunciar viola\u00e7\u00f5es de direitos fundamentais contra os detidos nos atos de 8 de janeiro. Seguiremos firmes at\u00e9 que a verdadeira justi\u00e7a seja feita\u201d, finaliza.\n<\/p>\n<p>J\u00e1 o l\u00edder da oposi\u00e7\u00e3o na Casa, Luciano Zucco (PL-RS), declara que o \u201co fato \u00e9 que a pauta est\u00e1 madura\u201d. \u201cA anistia \u00e9 mais do que necess\u00e1ria, porque tem pessoas que tomaram uma puni\u00e7\u00e3o maior do que a Elize Matsunaga, condenada por matar e esquartejar o marido\u201d, destaca.\n<\/p>\n<p>\u201cN\u00f3s estamos dialogando h\u00e1 um bom tempo, expondo as den\u00fancias referentes aos abusos cometidos judicialmente, a quest\u00e3o da proporcionalidade da pena, do devido processo legal e o direito \u00e0 defesa\u201d, afirma. \u201cTudo isso agora, com mais tempo, as pessoas come\u00e7aram a refletir, entre elas, logicamente, os parlamentares.\u201d\n<\/p>\n<p>Ainda em entrevista \u00e0 coluna No Ponto, Zucco cita o drama dos condenados pelas manifesta\u00e7\u00f5es de 8 de janeiro de 2023: \u201cS\u00e3o pessoas que perderam seus empregos, pessoas que est\u00e3o presas, fam\u00edlias destro\u00e7adas\u201d.\n<\/p>\n<p>\u201cA gente n\u00e3o quer que quem tenha depredando o patrim\u00f4nio p\u00fablico n\u00e3o sofra as consequ\u00eancias\u201d, sinaliza. \u201cMas por dano ao patrim\u00f4nio p\u00fablico, vandalismo. Agora, caiu por toda e qualquer possibilidade a narrativa de golpe. Um golpe sem for\u00e7as armadas, sem armas.\u201d\n<\/p>\n<p>Revista Oeste\n<\/p>\n<p>Fonte: Blog do BG              <\/p>\n<\/div>\n<p><br \/>\n<br \/><a href=\"https:\/\/diariodobrasilnoticias.com.br\/noticia\/pl-que-trata-da-anistia-aos-presos-do-8-1-avanca-na-camara-67c30ab69ba95\">Source link <\/a><\/p>","protected":false},"excerpt":{"rendered":"<p>O PL da Anistia aos presos de 8 de janeiro de 2023 deve avan\u00e7ar para discuss\u00e3o em plen\u00e1rio da C\u00e2mara dos Deputados ainda neste primeiro semestre, conforme fontes do alto&hellip;<\/p>","protected":false},"author":1,"featured_media":107527,"comment_status":"closed","ping_status":"open","sticky":false,"template":"","format":"standard","meta":{"content-type":"","footnotes":""},"categories":[16],"tags":[123,2448,5313,1267],"class_list":["post-107526","post","type-post","status-publish","format-standard","has-post-thumbnail","hentry","category-noticias","tag-brasil","tag-diario","tag-noticia","tag-noticias"],"_links":{"self":[{"href":"https:\/\/tvbrazilusa.com\/pt\/wp-json\/wp\/v2\/posts\/107526","targetHints":{"allow":["GET"]}}],"collection":[{"href":"https:\/\/tvbrazilusa.com\/pt\/wp-json\/wp\/v2\/posts"}],"about":[{"href":"https:\/\/tvbrazilusa.com\/pt\/wp-json\/wp\/v2\/types\/post"}],"author":[{"embeddable":true,"href":"https:\/\/tvbrazilusa.com\/pt\/wp-json\/wp\/v2\/users\/1"}],"replies":[{"embeddable":true,"href":"https:\/\/tvbrazilusa.com\/pt\/wp-json\/wp\/v2\/comments?post=107526"}],"version-history":[{"count":1,"href":"https:\/\/tvbrazilusa.com\/pt\/wp-json\/wp\/v2\/posts\/107526\/revisions"}],"predecessor-version":[{"id":107528,"href":"https:\/\/tvbrazilusa.com\/pt\/wp-json\/wp\/v2\/posts\/107526\/revisions\/107528"}],"wp:featuredmedia":[{"embeddable":true,"href":"https:\/\/tvbrazilusa.com\/pt\/wp-json\/wp\/v2\/media\/107527"}],"wp:attachment":[{"href":"https:\/\/tvbrazilusa.com\/pt\/wp-json\/wp\/v2\/media?parent=107526"}],"wp:term":[{"taxonomy":"category","embeddable":true,"href":"https:\/\/tvbrazilusa.com\/pt\/wp-json\/wp\/v2\/categories?post=107526"},{"taxonomy":"post_tag","embeddable":true,"href":"https:\/\/tvbrazilusa.com\/pt\/wp-json\/wp\/v2\/tags?post=107526"}],"curies":[{"name":"wp","href":"https:\/\/api.w.org\/{rel}","templated":true}]}}