{"id":107529,"date":"2025-03-01T14:09:42","date_gmt":"2025-03-01T14:09:42","guid":{"rendered":"https:\/\/tvbrazilusa.com\/2025\/03\/01\/pt-protocola-pedidos-de-investigacao-na-tentativa-de-cassar-o-mandato-de-eduardo-bolsonaro-saiba-o-motivo\/"},"modified":"2025-03-01T14:09:43","modified_gmt":"2025-03-01T14:09:43","slug":"pt-protocola-pedidos-de-investigacao-na-tentativa-de-cassar-o-mandato-de-eduardo-bolsonaro-saiba-o-motivo","status":"publish","type":"post","link":"https:\/\/tvbrazilusa.com\/pt\/2025\/03\/01\/pt-protocola-pedidos-de-investigacao-na-tentativa-de-cassar-o-mandato-de-eduardo-bolsonaro-saiba-o-motivo\/","title":{"rendered":"PT protocola pedidos de investiga\u00e7\u00e3o na tentativa de cassar o mandato de Eduardo Bolsonaro; saiba o motivo"},"content":{"rendered":"<p> <script async src=\"https:\/\/pagead2.googlesyndication.com\/pagead\/js\/adsbygoogle.js?client=ca-pub-8864793242727901\"\r\n     crossorigin=\"anonymous\"><\/script><br \/>\n<\/p>\n<div id=\"taboola-read-more\" style=\"display:block; width:100%\">\n<p>O Partido dos Trabalhadores protocolou, nesta quinta-feira, 27, dois pedidos de investiga\u00e7\u00e3o contra o deputado federal Eduardo Bolsonaro (PL-SP). Para o PT, o parlamentar teria articulado, nos Estados Unidos, medidas contra o ministro do Supremo Tribunal Federal (STF) Alexandre de Moraes e contra o pr\u00f3prio Brasil.\n<\/p>\n<p>As representa\u00e7\u00f5es, feitas separadamente pelo PT, t\u00eam objetivos distintos, mas convergem na acusa\u00e7\u00e3o de que o deputado teria cometido crimes e afrontado o Estado Democr\u00e1tico de Direito.<\/p>\n<p>A primeira representa\u00e7\u00e3o foi encaminhada pela presidente nacional do PT, Gleisi Hoffmann, ao Conselho de \u00c9tica da C\u00e2mara dos Deputados. O pedido acusa Eduardo de quebra de decoro parlamentar e pede a cassa\u00e7\u00e3o do mandato do deputado.\n<\/p>\n<p>O documento destaca que as a\u00e7\u00f5es do parlamentar no exterior t\u00eam como finalidade \u201cconstranger\u201d o Poder Judici\u00e1rio e \u201cembara\u00e7ar\u201d os inqu\u00e9ritos conduzidos pelo STF sobre os atos de 8 de janeiro de 2023, que investigam o ex-presidente Jair Bolsonaro.\n<\/p>\n<p>De acordo com a representa\u00e7\u00e3o, Eduardo teria viajado tr\u00eas vezes aos EUA desde a posse do presidente norte-americano Donald Trump, em janeiro deste ano, para articular com congressistas republicanos a aprova\u00e7\u00e3o de um projeto de lei que impediria Moraes de entrar no pa\u00eds.\n<\/p>\n<p>O texto cita que o projeto, chamado No Censors on our Shores Act, foi aprovado na Comiss\u00e3o de Justi\u00e7a da C\u00e2mara dos Representantes dos EUA no \u00faltimo dia 26, e prev\u00ea a deporta\u00e7\u00e3o de autoridades estrangeiras que tenham violado a liberdade de express\u00e3o, em refer\u00eancia \u00e0 atua\u00e7\u00e3o do ministro do STF.\n<\/p>\n<p>\u201cO fato \u00e9 que a pr\u00e1tica, imoral e reprov\u00e1vel do deputado [Eduardo] configura uma verdadeira tentativa de constranger n\u00e3o s\u00f3 um integrante de um dos Poderes da Rep\u00fablica, mas o pr\u00f3prio Poder Judici\u00e1rio nacional que ir\u00e1 apreciar, se for o caso, as a\u00e7\u00f5es penais que envolvem o pai do representado e seu entorno\u201d, afirma Gleisi.\n<\/p>\n<p>O PT argumenta que as articula\u00e7\u00f5es de Eduardo nos EUA atentam contra a soberania nacional e violam o C\u00f3digo de \u00c9tica da C\u00e2mara, que obriga os parlamentares a \u201czelar pelo prest\u00edgio, aprimoramento e valoriza\u00e7\u00e3o das Institui\u00e7\u00f5es democr\u00e1ticas e representativas\u201d.\n<\/p>\n<p>A legenda ainda pede que o Conselho de \u00c9tica abra um processo disciplinar e aplique as san\u00e7\u00f5es cab\u00edveis, que podem incluir a cassa\u00e7\u00e3o do mandato.\n<\/p>\n<p><strong>Lindbergh contra Eduardo Bolsonaro<\/strong>\n<\/p>\n<p>A segunda representa\u00e7\u00e3o foi apresentada pelo deputado Lindbergh Farias (PT-RJ) \u00e0 Procuradoria-Geral da Rep\u00fablica (PGR), sob as mesmas acusa\u00e7\u00f5es de Gleisi. A pe\u00e7a solicita que a PGR investigue criminalmente o deputado e avalie a necessidade de apreens\u00e3o de seu passaporte para evitar novas viagens aos EUA.\n<\/p>\n<p>Lindbergh afirma que as articula\u00e7\u00f5es de Eduardo junto a parlamentares republicanos, especialmente o deputado Richard McCormick, da Ge\u00f3rgia, t\u00eam como objetivo pressionar autoridades brasileiras e \u201ccriar embara\u00e7os\u201d \u00e0s investiga\u00e7\u00f5es conduzidas pelo STF.\n<\/p>\n<p>Al\u00e9m disso, a representa\u00e7\u00e3o destaca que o deputado estava acompanhado nas reuni\u00f5es pelo jornalista Paulo Figueiredo, que j\u00e1 foi denunciado pela pr\u00f3pria PGR por suposta participa\u00e7\u00e3o nos atos de 8 de janeiro.\n<\/p>\n<p>\u201cNeste caso espec\u00edfico do denunciado Paulo Figueiredo, sua conduta se amolda perfeitamente \u00e0s hip\u00f3teses legais pass\u00edveis de decreta\u00e7\u00e3o da pris\u00e3o preventiva, na medida em que busca interferir, ilicitamente, na pr\u00f3pria tramita\u00e7\u00e3o da futura a\u00e7\u00e3o penal, constrangendo e criando embara\u00e7os \u00e0 atua\u00e7\u00e3o dos Ju\u00edzes naturais do feito\u201d, afirma o documento.\n<\/p>\n<p>O texto \u00e9 assinado apenas por Farias. Ainda que exista um espa\u00e7o para demais signat\u00e1rios, nenhum deles foi preenchido.\n<\/p>\n<p>Em v\u00eddeo publicado nesta quinta-feira, 27, Lindbergh diz que Eduardo \u201cest\u00e1 praticamente morando nos Estados Unidos\u201d, onde se dedica a \u201carticular contra os interesses nacionais e contra as institui\u00e7\u00f5es do Brasil\u201d.\n<\/p>\n<p>\u201cA gente pede pris\u00e3o preventiva porque Eduardo Bolsonaro est\u00e1 usando essas articula\u00e7\u00f5es para atrapalhar investiga\u00e7\u00f5es que est\u00e3o acontecendo aqui no Brasil\u201d, justifica o petista, que condena a possibilidade do filho do ex-presidente ser eleito para comandar a Comiss\u00e3o de Rela\u00e7\u00f5es Exteriores. \u201cEle usaria a C\u00e2mara para articular contra o Brasil!\u201d\n<\/p>\n<p>Revista Oeste\n<\/p>\n<p>Fonte: Blog do BG              <\/p>\n<\/div>\n<p><br \/>\n<br \/><a href=\"https:\/\/diariodobrasilnoticias.com.br\/noticia\/pt-protocola-pedidos-de-investigacao-na-tentativa-de-cassar-o-mandato-de-eduardo-bolsonaro-saiba-o-motivo-67c3133e6a7b7\">Source link <\/a><\/p>","protected":false},"excerpt":{"rendered":"<p>O Partido dos Trabalhadores protocolou, nesta quinta-feira, 27, dois pedidos de investiga\u00e7\u00e3o contra o deputado federal Eduardo Bolsonaro (PL-SP). Para o PT, o parlamentar teria articulado, nos Estados Unidos, medidas&hellip;<\/p>","protected":false},"author":1,"featured_media":107530,"comment_status":"closed","ping_status":"open","sticky":false,"template":"","format":"standard","meta":{"content-type":"","footnotes":""},"categories":[16],"tags":[123,2448,5313,1267],"class_list":["post-107529","post","type-post","status-publish","format-standard","has-post-thumbnail","hentry","category-noticias","tag-brasil","tag-diario","tag-noticia","tag-noticias"],"_links":{"self":[{"href":"https:\/\/tvbrazilusa.com\/pt\/wp-json\/wp\/v2\/posts\/107529","targetHints":{"allow":["GET"]}}],"collection":[{"href":"https:\/\/tvbrazilusa.com\/pt\/wp-json\/wp\/v2\/posts"}],"about":[{"href":"https:\/\/tvbrazilusa.com\/pt\/wp-json\/wp\/v2\/types\/post"}],"author":[{"embeddable":true,"href":"https:\/\/tvbrazilusa.com\/pt\/wp-json\/wp\/v2\/users\/1"}],"replies":[{"embeddable":true,"href":"https:\/\/tvbrazilusa.com\/pt\/wp-json\/wp\/v2\/comments?post=107529"}],"version-history":[{"count":1,"href":"https:\/\/tvbrazilusa.com\/pt\/wp-json\/wp\/v2\/posts\/107529\/revisions"}],"predecessor-version":[{"id":107531,"href":"https:\/\/tvbrazilusa.com\/pt\/wp-json\/wp\/v2\/posts\/107529\/revisions\/107531"}],"wp:featuredmedia":[{"embeddable":true,"href":"https:\/\/tvbrazilusa.com\/pt\/wp-json\/wp\/v2\/media\/107530"}],"wp:attachment":[{"href":"https:\/\/tvbrazilusa.com\/pt\/wp-json\/wp\/v2\/media?parent=107529"}],"wp:term":[{"taxonomy":"category","embeddable":true,"href":"https:\/\/tvbrazilusa.com\/pt\/wp-json\/wp\/v2\/categories?post=107529"},{"taxonomy":"post_tag","embeddable":true,"href":"https:\/\/tvbrazilusa.com\/pt\/wp-json\/wp\/v2\/tags?post=107529"}],"curies":[{"name":"wp","href":"https:\/\/api.w.org\/{rel}","templated":true}]}}