{"id":107535,"date":"2025-03-01T14:36:51","date_gmt":"2025-03-01T14:36:51","guid":{"rendered":"https:\/\/tvbrazilusa.com\/2025\/03\/01\/saiba-quem-tera-direito-as-regras-e-os-valores-do-saque-aniversario-do-fgts\/"},"modified":"2025-03-01T14:36:53","modified_gmt":"2025-03-01T14:36:53","slug":"saiba-quem-tera-direito-as-regras-e-os-valores-do-saque-aniversario-do-fgts","status":"publish","type":"post","link":"https:\/\/tvbrazilusa.com\/pt\/2025\/03\/01\/saiba-quem-tera-direito-as-regras-e-os-valores-do-saque-aniversario-do-fgts\/","title":{"rendered":"Saiba quem ter\u00e1 direito, as regras e os valores do saque-anivers\u00e1rio do FGTS"},"content":{"rendered":"<p> <script async src=\"https:\/\/pagead2.googlesyndication.com\/pagead\/js\/adsbygoogle.js?client=ca-pub-8864793242727901\"\r\n     crossorigin=\"anonymous\"><\/script><br \/>\n<\/p>\n<div id=\"taboola-read-more\" style=\"display:block; width:100%\">\n<p>O governo anunciou nesta semana a libera\u00e7\u00e3o de recursos do saque-anivers\u00e1rio do Fundo de Garantia por Tempo de Servi\u00e7o (FGTS) para trabalhadores que foram demitidos sem justa causa e que estavam com os recursos retidos.\n<\/p>\n<p>A medida, que beneficia milh\u00f5es de pessoas, vai injetar bilh\u00f5es de reais na economia brasileira, sendo uma parte no come\u00e7o de mar\u00e7o de outro montante daqui a 110 dias, em meados de julho.<\/p>\n<p>A libera\u00e7\u00e3o de recursos acontece em um momento de alta da infla\u00e7\u00e3o, principalmente de alimentos, e da queda da popularidade do presidente Luiz In\u00e1cio Lula da Silva.\n<\/p>\n<p>Por conta disso, segundo analistas, ter\u00e1 efeito de estimular a economia brasileira, expediente que j\u00e1 foi feito anteriormente por outros governos tamb\u00e9m com uso do FGTS, mas que tamb\u00e9m deve pressionar mais a infla\u00e7\u00e3o.\n<\/p>\n<p><strong>Quem ter\u00e1 direito<\/strong>\n<\/p>\n<p>Ter\u00e3o direito a recebimento trabalhadores que foram demitidos, entre janeiro de 2020 at\u00e9 a data da publica\u00e7\u00e3o da Medida Provis\u00f3ria, e que, por terem aderido ao saque-anivers\u00e1rio ficaram com os recursos retidos.\n<\/p>\n<p>A medida vai beneficiar 12,1 milh\u00f5es de trabalhadores e trabalhadoras, dos quais 11,4 milh\u00f5es tem at\u00e9 R$ 3 mil em valores a receber.\n<\/p>\n<p>Entretanto, 9,5 milh\u00f5es dos trabalhadores, ou seja, 80% deles, n\u00e3o receber\u00e3o o valor integral pois anteciparam recursos com as institui\u00e7\u00f5es financeiras.\n<\/p>\n<p><strong>Regras<\/strong>\n<\/p>\n<p>Pela regra anterior, quem entrou entre janeiro de 2020 e 28 de fevereiro de 2024, s\u00f3 podia sacar o valor remanescente do FGTS ap\u00f3s demiss\u00e3o sem justa causa depois de dois anos.\n<\/p>\n<p>Com a mudan\u00e7a, os valores poder\u00e3o ser sacados pelos trabalhadores, e a data de recebimento depender\u00e1 do valor.\n<\/p>\n<p>Ap\u00f3s a publica\u00e7\u00e3o da Medida Provis\u00f3ria, em 28 de fevereiro, os trabalhadores que optarem pelo saque-anivers\u00e1rio e forem demitidos n\u00e3o poder\u00e3o acessar o saldo, que permanecer\u00e1 retido.\n<\/p>\n<p>O trabalhador n\u00e3o precisa sair da modalidade do saque-anivers\u00e1rio para acessar os recursos retidos.\n<\/p>\n<p>O trabalhador poder\u00e1 acessar os valores relativos ao v\u00ednculo do qual foi demitido, mesmo que j\u00e1 tenha um novo emprego.\n<\/p>\n<p><strong>Valores<\/strong>\n<\/p>\n<p>Para saber quanto ir\u00e1 receber, o trabalhador pode consultar o extrato de suas contas do FGTS no aplicativo.\n<\/p>\n<p>Valores de at\u00e9 R$ 3 mil ser\u00e3o depositados a partir de 6 de mar\u00e7o, e, o excedente (para quem possui), a partir de 17 de de junho.\n<\/p>\n<p>Ser\u00e3o injetados R$ 12 bilh\u00f5es na economia brasileira, sendo R$ 6 bilh\u00f5es no come\u00e7o de mar\u00e7o de outros R$ 6 bilh\u00f5es daqui a 110 dias, em junho.\n<\/p>\n<p>Os recursos ser\u00e3o creditados automaticamente na conta cadastrada no aplicativo do FGTS.\n<\/p>\n<p>Os valores podem ser sacados com cart\u00e3o cidad\u00e3o e senha nas lot\u00e9ricas e nos terminais de caixa eletr\u00f4nico do banco.\n<\/p>\n<p>Caso o trabalhador n\u00e3o tenha o cart\u00e3o cidad\u00e3o, \u00e9 necess\u00e1rio procurar uma ag\u00eancia da Caixa portando documento pessoal e carteira de trabalho para sacar qualquer valor.\n<\/p>\n<p>As pessoas poder\u00e3o consultar se tem direito ao saque nas ag\u00eancias da Caixa, por meio do \u200b0800 726 0207, na pp\u00e7\u00e3o \u201cFGTS\u201d; ou via \u200bApp FGTS, op\u00e7\u00e3o \u201cInforma\u00e7\u00f5es \u00dateis\u201d.\n<\/p>\n<p><strong>Impacto na economia<\/strong>\n<\/p>\n<p>De acordo com analistas de institui\u00e7\u00f5es financeiras, a libera\u00e7\u00e3o de R$ 12 bilh\u00f5es adicionais na economia neste ano deve gerar dois efeitos: estimular mais a atividade, por conta de mais recursos circulando e, tamb\u00e9m, pressionar a infla\u00e7\u00e3o (pelo aumento do consumo).\n<\/p>\n<p>Isso, por sua vez, pode obrigar o Banco Central, respons\u00e1vel por controlar a infla\u00e7\u00e3o, com base em um sistema de metas, a ter uma pol\u00edtica de juros mais restritiva. Ou seja, manter os juros elevados por mais tempo.\n<\/p>\n<p>Para Andr\u00e9 Matos, CEO da MA7 neg\u00f3cios, o impacto dos R$ 12 bilh\u00f5es do FGTS na economia pode gerar um impulso significativo no varejo, contribuindo para uma recupera\u00e7\u00e3o econ\u00f4mica.\n<\/p>\n<p>&#8220;O governo tem adotado medidas para estimular o crescimento do PIB, algumas fora do padr\u00e3o esperado, o que tem gerado incertezas no mercado. O risco fiscal [de aumento de gastos] e a volatilidade pol\u00edtica, somados \u00e0 falta de uma interlocu\u00e7\u00e3o s\u00f3lida entre governo e setor financeiro, aumentam a cautela dos investidores, tornando o cen\u00e1rio ainda imprevis\u00edvel\u201d, acrescentou o analista.\n<\/p>\n<p>Volnei Eyng, CEO da gestora Multiplike, observa que a libera\u00e7\u00e3o de R$ 12 bilh\u00f5es do FGTS pelo governo acontece em um momento de desacelera\u00e7\u00e3o da economia e de infla\u00e7\u00e3o ainda alta.\n<\/p>\n<p>&#8220;Essa medida pode ser vista como uma tentativa de impulsionar a economia e melhorar a popularidade do presidente Lula, j\u00e1 que um crescimento menor pode prejudicar sua aprova\u00e7\u00e3o. No entanto, seu efeito deve ser passageiro e n\u00e3o resolve os desafios estruturais do pa\u00eds. A infla\u00e7\u00e3o pode continuar pressionada, e o Banco Central pode endurecer ainda mais a pol\u00edtica de juros&#8221;, disse ele.\n<\/p>\n<p>Felipe Vasconcellos, S\u00f3cio da Equus Capital, avalia que o governo opta por uma medida que pode aquecer momentaneamente a economia, mas que n\u00e3o resolve os desafios estruturais do crescimento.\n<\/p>\n<p>&#8220;A libera\u00e7\u00e3o do FGTS coloca mais dinheiro em circula\u00e7\u00e3o, o que tende a beneficiar o varejo e o consumo, mas pode entrar em choque com a pol\u00edtica monet\u00e1ria do Banco Central, que busca conter a infla\u00e7\u00e3o com juros elevados. A decis\u00e3o tamb\u00e9m tem um componente pol\u00edtico, ao refor\u00e7ar a popularidade do governo em meio a um cen\u00e1rio econ\u00f4mico ainda inst\u00e1vel&#8221;, declarou ele.\n<\/p>\n<p>Fonte: g1              <\/p>\n<\/div>\n<p><br \/>\n<br \/><a href=\"https:\/\/diariodobrasilnoticias.com.br\/noticia\/saiba-quem-tera-direito-as-regras-e-os-valores-do-saque-aniversario-do-fgts-67c307953b030\">Source link <\/a><\/p>","protected":false},"excerpt":{"rendered":"<p>O governo anunciou nesta semana a libera\u00e7\u00e3o de recursos do saque-anivers\u00e1rio do Fundo de Garantia por Tempo de Servi\u00e7o (FGTS) para trabalhadores que foram demitidos sem justa causa e que&hellip;<\/p>","protected":false},"author":1,"featured_media":107536,"comment_status":"closed","ping_status":"open","sticky":false,"template":"","format":"standard","meta":{"content-type":"","footnotes":""},"categories":[16],"tags":[123,2448,5313,1267],"class_list":["post-107535","post","type-post","status-publish","format-standard","has-post-thumbnail","hentry","category-noticias","tag-brasil","tag-diario","tag-noticia","tag-noticias"],"_links":{"self":[{"href":"https:\/\/tvbrazilusa.com\/pt\/wp-json\/wp\/v2\/posts\/107535","targetHints":{"allow":["GET"]}}],"collection":[{"href":"https:\/\/tvbrazilusa.com\/pt\/wp-json\/wp\/v2\/posts"}],"about":[{"href":"https:\/\/tvbrazilusa.com\/pt\/wp-json\/wp\/v2\/types\/post"}],"author":[{"embeddable":true,"href":"https:\/\/tvbrazilusa.com\/pt\/wp-json\/wp\/v2\/users\/1"}],"replies":[{"embeddable":true,"href":"https:\/\/tvbrazilusa.com\/pt\/wp-json\/wp\/v2\/comments?post=107535"}],"version-history":[{"count":1,"href":"https:\/\/tvbrazilusa.com\/pt\/wp-json\/wp\/v2\/posts\/107535\/revisions"}],"predecessor-version":[{"id":107537,"href":"https:\/\/tvbrazilusa.com\/pt\/wp-json\/wp\/v2\/posts\/107535\/revisions\/107537"}],"wp:featuredmedia":[{"embeddable":true,"href":"https:\/\/tvbrazilusa.com\/pt\/wp-json\/wp\/v2\/media\/107536"}],"wp:attachment":[{"href":"https:\/\/tvbrazilusa.com\/pt\/wp-json\/wp\/v2\/media?parent=107535"}],"wp:term":[{"taxonomy":"category","embeddable":true,"href":"https:\/\/tvbrazilusa.com\/pt\/wp-json\/wp\/v2\/categories?post=107535"},{"taxonomy":"post_tag","embeddable":true,"href":"https:\/\/tvbrazilusa.com\/pt\/wp-json\/wp\/v2\/tags?post=107535"}],"curies":[{"name":"wp","href":"https:\/\/api.w.org\/{rel}","templated":true}]}}