{"id":107538,"date":"2025-03-01T14:51:27","date_gmt":"2025-03-01T14:51:27","guid":{"rendered":"https:\/\/tvbrazilusa.com\/2025\/03\/01\/incendio-registrado-no-japao-e-o-maior-em-30-anos\/"},"modified":"2025-03-01T14:51:29","modified_gmt":"2025-03-01T14:51:29","slug":"incendio-registrado-no-japao-e-o-maior-em-30-anos","status":"publish","type":"post","link":"https:\/\/tvbrazilusa.com\/pt\/2025\/03\/01\/incendio-registrado-no-japao-e-o-maior-em-30-anos\/","title":{"rendered":"Inc\u00eandio registrado no Jap\u00e3o \u00e9 o maior em 30 anos"},"content":{"rendered":"<p> <script async src=\"https:\/\/pagead2.googlesyndication.com\/pagead\/js\/adsbygoogle.js?client=ca-pub-8864793242727901\"\r\n     crossorigin=\"anonymous\"><\/script><br \/>\n<\/p>\n<div id=\"taboola-read-more\" style=\"display:block; width:100%\">\n<p>O inc\u00eandio que atinge o noroeste do Jap\u00e3o \u00e9 o maior desde 1992. Por causa das chamas, que j\u00e1 queimaram cerca de 1.200 hectares, uma pessoa morreu e mais de 1.000 foram evacuadas. A causa do inc\u00eandio ainda n\u00e3o foi identificada.\n<\/p>\n<p>O fogo come\u00e7ou na floresta de Ofunato, que fica na regi\u00e3o de Iwate, na 4\u00aa feira (26.fev.2025), segundo a Ag\u00eancia de Inc\u00eandios e Gest\u00e3o de Desastres do pa\u00eds. As informa\u00e7\u00f5es s\u00e3o do Japanese Times.<\/p>\n<p>\u201cAinda estamos analisando o tamanho da \u00e1rea afetada, mas certamente \u00e9 o maior desde o inc\u00eandio em 1992\u201d, disse um porta-voz da ag\u00eancia. H\u00e1 33 anos, um inc\u00eandio em Kushiro, regi\u00e3o de Hokkaido, no norte do pa\u00eds, queimou 1.030 hectares e era, at\u00e9 ent\u00e3o, o maior da hist\u00f3ria moderna japonesa.\n<\/p>\n<p>Cerca de 1.700 bombeiros de v\u00e1rias partes do pa\u00eds foram mobilizados para tentar extinguir o inc\u00eandio em Iwate. O corpo de uma pessoa, que teria morrido na 5\u00aa feira (27.fev), foi encontrado.\n<\/p>\n<p>Ainda conforme autoridades locais, mais de 80 pr\u00e9dios foram danificados, for\u00e7ando a evacua\u00e7\u00e3o de mais de 1.000 pessoas da cidade de Ofunato.\n<\/p>\n<p>Outros 2 inc\u00eandios, de menor escala, ainda foram observados no Jap\u00e3o. Um deles \u00e9 em Iwate, enquanto o outro atinge a regi\u00e3o de Yamanashi.\n<\/p>\n<p>Ofunato recebeu pouqu\u00edssimas chuvas durante fevereiro, contabilizando s\u00f3 2,5 mil\u00edmetros. Esse \u00e9 o menor valor acumulado de chuvas para o m\u00eas na hist\u00f3ria da regi\u00e3o. O recorde anterior era de 1967, quando foram observados 4,4 mil\u00edmetros de precipita\u00e7\u00f5es.\n<\/p>\n<p>Fonte: Poder360              <\/p>\n<\/div>\n<p><br \/>\n<br \/><a href=\"https:\/\/diariodobrasilnoticias.com.br\/noticia\/incendio-registrado-no-japao-e-o-maior-em-30-anos-67c31bf64ee84\">Source link <\/a><\/p>","protected":false},"excerpt":{"rendered":"<p>O inc\u00eandio que atinge o noroeste do Jap\u00e3o \u00e9 o maior desde 1992. Por causa das chamas, que j\u00e1 queimaram cerca de 1.200 hectares, uma pessoa morreu e mais de&hellip;<\/p>","protected":false},"author":1,"featured_media":107539,"comment_status":"closed","ping_status":"open","sticky":false,"template":"","format":"standard","meta":{"content-type":"","footnotes":""},"categories":[16],"tags":[123,2448,5313,1267],"class_list":["post-107538","post","type-post","status-publish","format-standard","has-post-thumbnail","hentry","category-noticias","tag-brasil","tag-diario","tag-noticia","tag-noticias"],"_links":{"self":[{"href":"https:\/\/tvbrazilusa.com\/pt\/wp-json\/wp\/v2\/posts\/107538","targetHints":{"allow":["GET"]}}],"collection":[{"href":"https:\/\/tvbrazilusa.com\/pt\/wp-json\/wp\/v2\/posts"}],"about":[{"href":"https:\/\/tvbrazilusa.com\/pt\/wp-json\/wp\/v2\/types\/post"}],"author":[{"embeddable":true,"href":"https:\/\/tvbrazilusa.com\/pt\/wp-json\/wp\/v2\/users\/1"}],"replies":[{"embeddable":true,"href":"https:\/\/tvbrazilusa.com\/pt\/wp-json\/wp\/v2\/comments?post=107538"}],"version-history":[{"count":1,"href":"https:\/\/tvbrazilusa.com\/pt\/wp-json\/wp\/v2\/posts\/107538\/revisions"}],"predecessor-version":[{"id":107540,"href":"https:\/\/tvbrazilusa.com\/pt\/wp-json\/wp\/v2\/posts\/107538\/revisions\/107540"}],"wp:featuredmedia":[{"embeddable":true,"href":"https:\/\/tvbrazilusa.com\/pt\/wp-json\/wp\/v2\/media\/107539"}],"wp:attachment":[{"href":"https:\/\/tvbrazilusa.com\/pt\/wp-json\/wp\/v2\/media?parent=107538"}],"wp:term":[{"taxonomy":"category","embeddable":true,"href":"https:\/\/tvbrazilusa.com\/pt\/wp-json\/wp\/v2\/categories?post=107538"},{"taxonomy":"post_tag","embeddable":true,"href":"https:\/\/tvbrazilusa.com\/pt\/wp-json\/wp\/v2\/tags?post=107538"}],"curies":[{"name":"wp","href":"https:\/\/api.w.org\/{rel}","templated":true}]}}