{"id":107541,"date":"2025-03-01T15:03:49","date_gmt":"2025-03-01T15:03:49","guid":{"rendered":"https:\/\/tvbrazilusa.com\/2025\/03\/01\/grupo-terrorista-hamas-rejeita-proposta-de-israel-para-estender-o-cessar-fogo-na-faixa-de-gaza\/"},"modified":"2025-03-01T15:03:53","modified_gmt":"2025-03-01T15:03:53","slug":"grupo-terrorista-hamas-rejeita-proposta-de-israel-para-estender-o-cessar-fogo-na-faixa-de-gaza","status":"publish","type":"post","link":"https:\/\/tvbrazilusa.com\/pt\/2025\/03\/01\/grupo-terrorista-hamas-rejeita-proposta-de-israel-para-estender-o-cessar-fogo-na-faixa-de-gaza\/","title":{"rendered":"Grupo terrorista Hamas rejeita proposta de Israel para estender o cessar-fogo na Faixa de Gaza"},"content":{"rendered":"<p> <script async src=\"https:\/\/pagead2.googlesyndication.com\/pagead\/js\/adsbygoogle.js?client=ca-pub-8864793242727901\"\r\n     crossorigin=\"anonymous\"><\/script><br \/>\n<\/p>\n<div id=\"taboola-read-more\" style=\"display:block; width:100%\">\n<p>O Hamas anunciou neste s\u00e1bado (1\u00ba.mar.2025) que rejeitou a \u201cformula\u00e7\u00e3o\u201d proposta por Israel para estender o cessar-fogo na Faixa de Gaza. O porta-voz do grupo extremista, Hazem Qassen, disse \u00e0 emissora de televis\u00e3o \u00e1rabe Al-Araby que n\u00e3o h\u00e1 negocia\u00e7\u00f5es para uma nova etapa do acordo de paz.\n<\/p>\n<p>A declara\u00e7\u00e3o se d\u00e1 2 dias depois de o governo do Egito, um dos mediadores do cessar-fogo, junto ao Qatar, anunciar que as negocia\u00e7\u00f5es entre Israel e Hamas sobre a pr\u00f3xima fase do cessar-fogo em Gaza come\u00e7aram, no dia em que o grupo extremista devolveu os corpos de 4 ref\u00e9ns em troca da libera\u00e7\u00e3o de 400 prisioneiros.<\/p>\n<p>Representantes de Israel, Qatar e EUA participavam das discuss\u00f5es, buscando avan\u00e7ar para a 2\u00aa etapa do cessar-fogo. Segundo comunicado do servi\u00e7o de informa\u00e7\u00e3o estatal eg\u00edpcio, tamb\u00e9m estavam em debate medidas para ampliar a entrega de ajuda humanit\u00e1ria \u00e0 Faixa de Gaza.\n<\/p>\n<p>A 2\u00aa fase das negocia\u00e7\u00f5es incluiria a liberta\u00e7\u00e3o de ref\u00e9ns sobreviventes e a retirada das tropas israelenses do territ\u00f3rio. A 3\u00aa etapa trataria da devolu\u00e7\u00e3o dos corpos dos ref\u00e9ns mortos. De acordo com Israel, 59 ref\u00e9ns ainda permanecem em Gaza, sendo 24 considerados vivos.\n<\/p>\n<p>O Hamas havia demonstrado que estaria disposto a seguir as conversas para estender o cessar-fogo. \u201cA \u00fanica maneira de Israel garantir a liberta\u00e7\u00e3o dos ref\u00e9ns restantes \u00e9 por meio de negocia\u00e7\u00f5es e ades\u00e3o ao acordo\u201d, afirmou o grupo em comunicado.\n<\/p>\n<p>A organiza\u00e7\u00e3o advertiu que qualquer recuo da tr\u00e9gua \u201cs\u00f3 levar\u00e1 a mais sofrimento\u201d para os cativos e suas fam\u00edlias.\n<\/p>\n<p>Fonte: Poder360              <\/p>\n<\/div>\n<p><br \/>\n<br \/><a href=\"https:\/\/diariodobrasilnoticias.com.br\/noticia\/grupo-terrorista-hamas-rejeita-proposta-de-israel-para-estender-o-cessar-fogo-na-faixa-de-gaza-67c31d72d8c87\">Source link <\/a><\/p>","protected":false},"excerpt":{"rendered":"<p>O Hamas anunciou neste s\u00e1bado (1\u00ba.mar.2025) que rejeitou a \u201cformula\u00e7\u00e3o\u201d proposta por Israel para estender o cessar-fogo na Faixa de Gaza. O porta-voz do grupo extremista, Hazem Qassen, disse \u00e0&hellip;<\/p>","protected":false},"author":1,"featured_media":107542,"comment_status":"closed","ping_status":"open","sticky":false,"template":"","format":"standard","meta":{"content-type":"","footnotes":""},"categories":[16],"tags":[123,2448,5313,1267],"class_list":["post-107541","post","type-post","status-publish","format-standard","has-post-thumbnail","hentry","category-noticias","tag-brasil","tag-diario","tag-noticia","tag-noticias"],"_links":{"self":[{"href":"https:\/\/tvbrazilusa.com\/pt\/wp-json\/wp\/v2\/posts\/107541","targetHints":{"allow":["GET"]}}],"collection":[{"href":"https:\/\/tvbrazilusa.com\/pt\/wp-json\/wp\/v2\/posts"}],"about":[{"href":"https:\/\/tvbrazilusa.com\/pt\/wp-json\/wp\/v2\/types\/post"}],"author":[{"embeddable":true,"href":"https:\/\/tvbrazilusa.com\/pt\/wp-json\/wp\/v2\/users\/1"}],"replies":[{"embeddable":true,"href":"https:\/\/tvbrazilusa.com\/pt\/wp-json\/wp\/v2\/comments?post=107541"}],"version-history":[{"count":1,"href":"https:\/\/tvbrazilusa.com\/pt\/wp-json\/wp\/v2\/posts\/107541\/revisions"}],"predecessor-version":[{"id":107543,"href":"https:\/\/tvbrazilusa.com\/pt\/wp-json\/wp\/v2\/posts\/107541\/revisions\/107543"}],"wp:featuredmedia":[{"embeddable":true,"href":"https:\/\/tvbrazilusa.com\/pt\/wp-json\/wp\/v2\/media\/107542"}],"wp:attachment":[{"href":"https:\/\/tvbrazilusa.com\/pt\/wp-json\/wp\/v2\/media?parent=107541"}],"wp:term":[{"taxonomy":"category","embeddable":true,"href":"https:\/\/tvbrazilusa.com\/pt\/wp-json\/wp\/v2\/categories?post=107541"},{"taxonomy":"post_tag","embeddable":true,"href":"https:\/\/tvbrazilusa.com\/pt\/wp-json\/wp\/v2\/tags?post=107541"}],"curies":[{"name":"wp","href":"https:\/\/api.w.org\/{rel}","templated":true}]}}