{"id":107544,"date":"2025-03-01T15:18:43","date_gmt":"2025-03-01T15:18:43","guid":{"rendered":"https:\/\/tvbrazilusa.com\/2025\/03\/01\/plano-de-taxacao-de-produtos-para-exportacao-provoca-racha-no-governo-lula-entenda\/"},"modified":"2025-03-01T15:18:47","modified_gmt":"2025-03-01T15:18:47","slug":"plano-de-taxacao-de-produtos-para-exportacao-provoca-racha-no-governo-lula-entenda","status":"publish","type":"post","link":"https:\/\/tvbrazilusa.com\/pt\/2025\/03\/01\/plano-de-taxacao-de-produtos-para-exportacao-provoca-racha-no-governo-lula-entenda\/","title":{"rendered":"Plano de taxa\u00e7\u00e3o de produtos para exporta\u00e7\u00e3o provoca racha no governo Lula; entenda"},"content":{"rendered":"<p> <script async src=\"https:\/\/pagead2.googlesyndication.com\/pagead\/js\/adsbygoogle.js?client=ca-pub-8864793242727901\"\r\n     crossorigin=\"anonymous\"><\/script><br \/>\n<\/p>\n<div id=\"taboola-read-more\" style=\"display:block; width:100%\">\n<p>Al\u00e9m da queda de popularidade do presidente Luiz In\u00e1cio Lula da Silva (PT), a alta no pre\u00e7o dos alimentos tem provocado um racha entre integrantes do governo petista. Em busca de uma solu\u00e7\u00e3o f\u00e1cil e r\u00e1pida para a crise, uma ala do PT tem defendido uma taxa\u00e7\u00e3o sobre as exporta\u00e7\u00f5es de produtos do setor agropecu\u00e1rio, medida que enfrenta resist\u00eancias em uma parte do Executivo e que pode abrir uma nova frente de embate com integrantes da bancada ruralista no Congresso Nacional.\n<\/p>\n<p>As conversas favor\u00e1veis e contr\u00e1rias sobre o tema est\u00e3o sendo coordenadas pela Casa Civil, comandada pelo ministro Rui Costa. Nesta quinta-feira (27), por exemplo, o ministro da Agricultura, Carlos F\u00e1varo, levou produtores de carnes, a\u00e7\u00facar, etanol e biodiesel para conversar com o chefe da Casa Civil.<\/p>\n<p>H\u00e1 rumores de que F\u00e1varo pode pedir demiss\u00e3o caso a medida seja levada adiante pelo presidente Lula. Al\u00e9m do chefe da pasta da Agricultura, essa medida enfrenta resist\u00eancia por parte do vice-presidente Geraldo Alckmin (PSB), que comanda o Desenvolvimento, Ind\u00fastria, Com\u00e9rcio e Servi\u00e7os.\n<\/p>\n<p>Segundo analistas econ\u00f4micos, limitar ou encarecer a exporta\u00e7\u00e3o tende a desestimular a produ\u00e7\u00e3o de produtos n\u00e3o s\u00f3 agr\u00edcolas, mas de qualquer tipo. Embora isso possa ter um efeito de aumento de oferta no curto prazo e baixar pre\u00e7os, no m\u00e9dio e longo prazo (talvez j\u00e1 no plantio da pr\u00f3xima safra) a restri\u00e7\u00e3o causa esse desest\u00edmulo e diminui a produ\u00e7\u00e3o. Ou seja, no longo prazo reduz a oferta e causa uma infla\u00e7\u00e3o muito maior.\n<\/p>\n<p>Assessores de F\u00e1varo admitem reservadamente que foi preciso se mobilizar nos \u00faltimos dias justamente para tentar conter esse movimento apelidado entre os petistas de \u201ccom\u00e9rcio administrado\u201d. Conforme apurou a reportagem, as conversas sobre o tema tiveram in\u00edcio no Minist\u00e9rio do Desenvolvimento Agr\u00e1rio e Agricultura Familiar, comandado por Paulo Teixeira. A pasta, contudo, tem negado qualquer movimento neste sentido.\n<\/p>\n<p>Al\u00e9m da conversa com Rui Costa, o ministro da Agricultura pretende ainda se reunir com Lula para tratar sobre o tema. A expectativa dos aliados de F\u00e1varo \u00e9 de que o pr\u00f3prio setor produtivo consiga convencer o presidente a n\u00e3o adotar propostas heterodoxas que ainda seguem no radar.\n<\/p>\n<p>Os cr\u00edticos da taxa\u00e7\u00e3o defendem ser preciso esperar os resultados da \u201csupercolheita\u201d de gr\u00e3os prevista para os pr\u00f3ximos meses, bem como preparar um Plano Safra para o per\u00edodo de 2025 e 2026. Outro ponto defendido seria o de zerar as taxas de importa\u00e7\u00e3o de alimentos produzidos por outros pa\u00edses, medida que enfrenta resist\u00eancias dentro do Minist\u00e9rio da Fazenda, comandado por Fernando Haddad.\n<\/p>\n<p>Aos seus interlocutores, F\u00e1varo tem dito que n\u00e3o aceitar\u00e1 de forma alguma medidas que prejudiquem o setor agropecu\u00e1rio, principalmente a taxa\u00e7\u00e3o das exporta\u00e7\u00f5es de soja, milho, carne e etanol. Segundo integrantes do governo, a defini\u00e7\u00e3o sobre qualquer medida a ser adotada pelo Planalto ficar\u00e1 para depois do Carnaval.\n<\/p>\n<p>A press\u00e3o dos \u00faltimos dias fez com que o pr\u00f3prio ministro da Casa Civil, Rui Costa, reconhecesse a necessidade de di\u00e1logo com o setor produtivo nesta crise.\n<\/p>\n<p>\u201cQuando voc\u00ea tem um movimento de pre\u00e7os de alimentos, principalmente, voc\u00ea mexe com a popularidade de qualquer governo. E n\u00f3s precisamos ajustar e dialogar muito com os setores produtivos\u201d, disse em conversa com jornalistas nesta quarta-feira (26).\n<\/p>\n<p><strong>Projeto sobre taxa\u00e7\u00e3o foi apresentado pela base de Lula no Congresso<\/strong>\n<\/p>\n<p>O recuo de Rui Costa acontece justamente depois que o ministro anunciou, no final de janeiro, que o governo iria buscar um &#8220;conjunto de interven\u00e7\u00f5es&#8221; para baratear o pre\u00e7o dos alimentos. Depois, o chefe da pasta trocou a palavra &#8220;interven\u00e7\u00e3o&#8221; por &#8220;medidas&#8221; para, segundo ele, evitar ru\u00eddos de comunica\u00e7\u00e3o.\n<\/p>\n<p>Al\u00e9m de integrantes da bancada do PT no Congresso, medidas intervencionistas contam com apoio, inclusive, entre partidos da base de Lula. O PSOL apresentou nesta semana um projeto que visa a impedir a possibilidade de imposto zero sobre as exporta\u00e7\u00f5es brasileiras.\n<\/p>\n<p>O texto prev\u00ea ainda um reajuste mensal das al\u00edquotas, de acordo com a infla\u00e7\u00e3o dessa cesta de produtos apurada internamente. Segundo os autores, a taxa\u00e7\u00e3o por parte do governo sobre as exporta\u00e7\u00f5es vai garantir que \u201cuma parcela da produ\u00e7\u00e3o seja mantida no mercado interno\u201d e evitar \u201cdesabastecimento e choques inflacion\u00e1rios descontrolados\u201d. A medida tamb\u00e9m \u00e9 considerada uma interven\u00e7\u00e3o econ\u00f4mica que pode aumentar o pre\u00e7o dos alimentos internamente a m\u00e9dio e longo prazo.\n<\/p>\n<p>Em 2021, o deputado Reginaldo Lopes (PT-MG) apresentou uma proposta na mesma linha e que aguarda vota\u00e7\u00e3o na Comiss\u00e3o de Finan\u00e7as e Tributa\u00e7\u00e3o da C\u00e2mara, ap\u00f3s ser rejeitada na Comiss\u00e3o de Desenvolvimento Econ\u00f4mico em 2023. A lei atual prev\u00ea que o imposto de exporta\u00e7\u00e3o pode chegar a 30%, mas delega ao Poder Executivo a possibilidade de zerar a taxa\u00e7\u00e3o, o que ocorre hoje para os produtos agropecu\u00e1rios.\n<\/p>\n<p>Na semana passada, a deputada Gleisi Hoffmann (PR), rec\u00e9m nomeada ministra de Rela\u00e7\u00f5es Institucionais, afirmou que a &#8220;comida est\u00e1 cara&#8221; no Brasil e que a infla\u00e7\u00e3o dos alimentos \u00e9 a &#8220;maior preocupa\u00e7\u00e3o&#8221; de Lula. Segundo ela, o aumento dos pre\u00e7os se deu por uma &#8220;suposta especula\u00e7\u00e3o do mercado financeiro com o d\u00f3lar, o aumento das exporta\u00e7\u00f5es e problemas clim\u00e1ticos&#8221;.\n<\/p>\n<p>&#8220;Sei que hoje \u00e9 a sua maior preocupa\u00e7\u00e3o, presidente [Lula], assim como temos de conter os abusos nos pre\u00e7os dos combust\u00edveis, especialmente do g\u00e1s de cozinha e da energia el\u00e9trica, dois setores em que o poder p\u00fablico foi mutilado por privatiza\u00e7\u00f5es e constrangimento nos anos recentes&#8221;, argumentou Hoffmann.\n<\/p>\n<p><strong>Bancada ruralista prepara rea\u00e7\u00e3o contra movimento do governo<\/strong>\n<\/p>\n<p>Al\u00e9m do racha dentro do pr\u00f3prio governo Lula, a discuss\u00e3o sobre a taxa\u00e7\u00e3o das exporta\u00e7\u00f5es tem provocado rea\u00e7\u00f5es por parte da bancada ruralista dentro do Congresso Nacional. As cr\u00edticas acontecem justamente ap\u00f3s o embate com a Frente Parlamentar da Agropecu\u00e1ria (FPA) por conta da suspens\u00e3o do Plano Safra na semana passada.\n<\/p>\n<p>Para o presidente da FPA deputado Pedro Lupion (PP-PR), a discuss\u00e3o sobre a taxa\u00e7\u00e3o das exporta\u00e7\u00f5es \u00e9 \u201cuma medida desesperada e mal pensada\u201d por parte do governo. \u201cO governo insiste em ignorar os problemas macroecon\u00f4micos, como o controle inflacion\u00e1rio, c\u00e2mbio descontrolado e gasto p\u00fablico exorbitante. A desconfian\u00e7a do mercado e a falta de credibilidade agravam a situa\u00e7\u00e3o\u201d, declarou Lupion por meio de nota.\n<\/p>\n<p>&#8220;Anunciar que vai abrir importa\u00e7\u00f5es \u00e9 simplesmente jogo de cena demag\u00f3gico para induzir a popula\u00e7\u00e3o a acreditar que est\u00e3o fazendo algo pr\u00e1tico para baixar pre\u00e7os\u201d, disse o deputado.\n<\/p>\n<p>J\u00e1 a senadora Tereza Cristina (PP-MS) argumenta que a proposta encampada pelos petistas \u00e9 uma &#8220;afronta ao agro brasileiro&#8221;. &#8220;Ser\u00e1 que sempre v\u00e3o continuar no caminho errado? Saiam da contram\u00e3o, valorizem o agro brasileiro e todo o grande trabalho de seguran\u00e7a alimentar que nosso setor realiza\u201d, argumentou a parlamentar e ex-ministra da Agricultura.\n<\/p>\n<p>Fonte: Gazeta do Povo              <\/p>\n<\/div>\n<p><br \/>\n<br \/><a href=\"https:\/\/diariodobrasilnoticias.com.br\/noticia\/plano-de-taxacao-de-produtos-para-exportacao-provoca-racha-no-governo-lula-entenda-67c3203174e76\">Source link <\/a><\/p>","protected":false},"excerpt":{"rendered":"<p>Al\u00e9m da queda de popularidade do presidente Luiz In\u00e1cio Lula da Silva (PT), a alta no pre\u00e7o dos alimentos tem provocado um racha entre integrantes do governo petista. Em busca&hellip;<\/p>","protected":false},"author":1,"featured_media":107545,"comment_status":"closed","ping_status":"open","sticky":false,"template":"","format":"standard","meta":{"content-type":"","footnotes":""},"categories":[16],"tags":[123,2448,5313,1267],"class_list":["post-107544","post","type-post","status-publish","format-standard","has-post-thumbnail","hentry","category-noticias","tag-brasil","tag-diario","tag-noticia","tag-noticias"],"_links":{"self":[{"href":"https:\/\/tvbrazilusa.com\/pt\/wp-json\/wp\/v2\/posts\/107544","targetHints":{"allow":["GET"]}}],"collection":[{"href":"https:\/\/tvbrazilusa.com\/pt\/wp-json\/wp\/v2\/posts"}],"about":[{"href":"https:\/\/tvbrazilusa.com\/pt\/wp-json\/wp\/v2\/types\/post"}],"author":[{"embeddable":true,"href":"https:\/\/tvbrazilusa.com\/pt\/wp-json\/wp\/v2\/users\/1"}],"replies":[{"embeddable":true,"href":"https:\/\/tvbrazilusa.com\/pt\/wp-json\/wp\/v2\/comments?post=107544"}],"version-history":[{"count":1,"href":"https:\/\/tvbrazilusa.com\/pt\/wp-json\/wp\/v2\/posts\/107544\/revisions"}],"predecessor-version":[{"id":107546,"href":"https:\/\/tvbrazilusa.com\/pt\/wp-json\/wp\/v2\/posts\/107544\/revisions\/107546"}],"wp:featuredmedia":[{"embeddable":true,"href":"https:\/\/tvbrazilusa.com\/pt\/wp-json\/wp\/v2\/media\/107545"}],"wp:attachment":[{"href":"https:\/\/tvbrazilusa.com\/pt\/wp-json\/wp\/v2\/media?parent=107544"}],"wp:term":[{"taxonomy":"category","embeddable":true,"href":"https:\/\/tvbrazilusa.com\/pt\/wp-json\/wp\/v2\/categories?post=107544"},{"taxonomy":"post_tag","embeddable":true,"href":"https:\/\/tvbrazilusa.com\/pt\/wp-json\/wp\/v2\/tags?post=107544"}],"curies":[{"name":"wp","href":"https:\/\/api.w.org\/{rel}","templated":true}]}}