{"id":107547,"date":"2025-03-01T15:32:29","date_gmt":"2025-03-01T15:32:29","guid":{"rendered":"https:\/\/tvbrazilusa.com\/2025\/03\/01\/criminoso-morre-ao-tentar-assaltar-escolta-do-vice-governador-de-sp-veja-video\/"},"modified":"2025-03-01T15:32:31","modified_gmt":"2025-03-01T15:32:31","slug":"criminoso-morre-ao-tentar-assaltar-escolta-do-vice-governador-de-sp-veja-video","status":"publish","type":"post","link":"https:\/\/tvbrazilusa.com\/pt\/2025\/03\/01\/criminoso-morre-ao-tentar-assaltar-escolta-do-vice-governador-de-sp-veja-video\/","title":{"rendered":"Criminoso morre ao tentar assaltar escolta do vice-governador de SP; VEJA V\u00cdDEO"},"content":{"rendered":"<p> <script async src=\"https:\/\/pagead2.googlesyndication.com\/pagead\/js\/adsbygoogle.js?client=ca-pub-8864793242727901\"\r\n     crossorigin=\"anonymous\"><\/script><br \/>\n<\/p>\n<div>\n<figure class=\"post-image\">\n<\/figure>\n<p>            <span style=\"font-size: 12px\">Reprodu\u00e7\u00e3o<\/span><\/p>\n<p>            <!-- end metas --><br \/>\n            <!-- ADS --><\/p>\n<div id=\"taboola-read-more\" style=\"display:block; width:100%\">\n<p>Um ladr\u00e3o em uma moto tentou assaltar o carro de escolta do vice-governador de S\u00e3o Paulo, Fel\u00edcio Ramuth (PSD), na noite desta sexta-feira (28), e foi baleado e morto pelos seguran\u00e7as. O crime aconteceu na Vila Concei\u00e7\u00e3o, bairro nobre da Zona Sul de S\u00e3o Paulo.\n<\/p>\n<p>N\u00e3o havia nenhuma autoridade estadual no momento da abordagem do assaltante.<br \/>O caso foi registrado pelo Departamento de Homic\u00eddios e de Prote\u00e7\u00e3o \u00e0 Pessoa (DHPP).<\/p>\n<p>O v\u00eddeo registra o momento em que o ladr\u00e3o se aproxima sozinho do carro. Ele para ao lado da janela do motorista quando \u00e9 surpreendido por um seguran\u00e7a que sai armado pela porta traseira do ve\u00edculo e dispara em sua dire\u00e7\u00e3o.\n<\/p>\n<p>O criminoso tenta fugir na moto, enquanto o seguran\u00e7a e outras duas pessoas correm atr\u00e1s dele. Na sequ\u00eancia, \u00e9 poss\u00edvel ver o motorista da escolta dando partida no carro e seguindo o grupo.\n<\/p>\n<p>Logo ap\u00f3s ser baleado, o homem chegou a ser socorrido e levado para a UPA Santo Amaro, mas n\u00e3o resistiu aos ferimentos, segundo a Secretaria da Seguran\u00e7a P\u00fablica de SP. A arma que ele usava e a moto, que tinha placa adulterada, foram apreendidas.\n<\/p>\n<p>Veja v\u00eddeo:\n<\/p>\n<p>Fonte: g1              <\/p>\n<\/div>\n<p>                        <!-- Scripts para conteudo --><\/p>\n<p>            <!-- .\/Scripts para conteudo --><br \/>\n            <!-- .\/Mat\u00e9ria --><\/p>\n<div class=\"row mt-3\">\n<div class=\"col-sm-6\">\n                <!-- Whatsapp channel 3--><br \/>\n                <a href=\"https:\/\/chat.whatsapp.com\/B8Qy6Erx4kb6yTzj3kaDco\" target=\"_blank\"><br \/>\n                  <img decoding=\"async\" src=\"https:\/\/diariodobrasilnoticias.com.br\/assets-site\/images\/bot_whatsapp.png\"\/><\/a>\n              <\/div>\n<div class=\"col-sm-6\">\n                <a href=\"https:\/\/t.me\/+_4gTmi5LKo03OTM5\" target=\"_blank\"><br \/>\n                  <img decoding=\"async\" src=\"https:\/\/diariodobrasilnoticias.com.br\/assets-site\/images\/bot_telegram.png\"\/><\/a>\n              <\/div>\n<\/p><\/div>\n<p>            <!-- end post-navigation --><\/p>\n<p>              <!-- end row --><\/p>\n<p>              <!-- end col-12-->\n                      <\/div>\n<p><br \/>\n<br \/><a href=\"https:\/\/diariodobrasilnoticias.com.br\/noticia\/criminoso-morre-ao-tentar-assaltar-escolta-do-vice-governador-de-sp-veja-video-67c3256d85598\">Source link <\/a><\/p>","protected":false},"excerpt":{"rendered":"<p>Reprodu\u00e7\u00e3o Um ladr\u00e3o em uma moto tentou assaltar o carro de escolta do vice-governador de S\u00e3o Paulo, Fel\u00edcio Ramuth (PSD), na noite desta sexta-feira (28), e foi baleado e morto&hellip;<\/p>","protected":false},"author":1,"featured_media":107548,"comment_status":"closed","ping_status":"open","sticky":false,"template":"","format":"standard","meta":{"content-type":"","footnotes":""},"categories":[16],"tags":[123,2448,5313,1267],"class_list":["post-107547","post","type-post","status-publish","format-standard","has-post-thumbnail","hentry","category-noticias","tag-brasil","tag-diario","tag-noticia","tag-noticias"],"_links":{"self":[{"href":"https:\/\/tvbrazilusa.com\/pt\/wp-json\/wp\/v2\/posts\/107547","targetHints":{"allow":["GET"]}}],"collection":[{"href":"https:\/\/tvbrazilusa.com\/pt\/wp-json\/wp\/v2\/posts"}],"about":[{"href":"https:\/\/tvbrazilusa.com\/pt\/wp-json\/wp\/v2\/types\/post"}],"author":[{"embeddable":true,"href":"https:\/\/tvbrazilusa.com\/pt\/wp-json\/wp\/v2\/users\/1"}],"replies":[{"embeddable":true,"href":"https:\/\/tvbrazilusa.com\/pt\/wp-json\/wp\/v2\/comments?post=107547"}],"version-history":[{"count":1,"href":"https:\/\/tvbrazilusa.com\/pt\/wp-json\/wp\/v2\/posts\/107547\/revisions"}],"predecessor-version":[{"id":107549,"href":"https:\/\/tvbrazilusa.com\/pt\/wp-json\/wp\/v2\/posts\/107547\/revisions\/107549"}],"wp:featuredmedia":[{"embeddable":true,"href":"https:\/\/tvbrazilusa.com\/pt\/wp-json\/wp\/v2\/media\/107548"}],"wp:attachment":[{"href":"https:\/\/tvbrazilusa.com\/pt\/wp-json\/wp\/v2\/media?parent=107547"}],"wp:term":[{"taxonomy":"category","embeddable":true,"href":"https:\/\/tvbrazilusa.com\/pt\/wp-json\/wp\/v2\/categories?post=107547"},{"taxonomy":"post_tag","embeddable":true,"href":"https:\/\/tvbrazilusa.com\/pt\/wp-json\/wp\/v2\/tags?post=107547"}],"curies":[{"name":"wp","href":"https:\/\/api.w.org\/{rel}","templated":true}]}}