{"id":107556,"date":"2025-03-01T16:11:00","date_gmt":"2025-03-01T16:11:00","guid":{"rendered":"https:\/\/tvbrazilusa.com\/2025\/03\/01\/moraes-faz-critica-a-postura-de-trump-em-reuniao-com-zelensky-veja\/"},"modified":"2025-03-01T16:11:07","modified_gmt":"2025-03-01T16:11:07","slug":"moraes-faz-critica-a-postura-de-trump-em-reuniao-com-zelensky-veja","status":"publish","type":"post","link":"https:\/\/tvbrazilusa.com\/pt\/2025\/03\/01\/moraes-faz-critica-a-postura-de-trump-em-reuniao-com-zelensky-veja\/","title":{"rendered":"Moraes faz cr\u00edtica \u00e0 postura de Trump em reuni\u00e3o com Zelensky; veja"},"content":{"rendered":"<p> <script async src=\"https:\/\/pagead2.googlesyndication.com\/pagead\/js\/adsbygoogle.js?client=ca-pub-8864793242727901\"\r\n     crossorigin=\"anonymous\"><\/script><br \/>\n<\/p>\n<div id=\"taboola-read-more\" style=\"display:block; width:100%\">\n<p>O ministro Alexandre de Moraes, do Supremo Tribunal Federal, criticou nesta sexta-feira (28\/2) a postura do presidente dos Estados Unidos, Donald Trump, durante reuni\u00e3o com Volodimir Zelenski, presidente da Ucr\u00e2nia. Segundo o magistrado, n\u00e3o se deve admitir que todos sejam tratados como col\u00f4nias americanas.\n<\/p>\n<p>Trump e Zelenski bateram boca sobre os rumos da guerra na Ucr\u00e2nia, levando o presidente ucraniano a deixar o encontro sem participar de uma entrevista que estava programada.<\/p>\n<p>\u201cA postura do Trump hoje (sexta-feira) mostra o acerto de minha fala ontem (quinta-feira). N\u00e3o se pode admitir que tratem todos como col\u00f4nias norte-americanas\u201d, disse Alexandre.\n<\/p>\n<p>Nesta quinta (27\/2), durante a sess\u00e3o do Plen\u00e1rio do STF, Alexandre disse que o Brasil deixou de ser col\u00f4nia em 1822.\n<\/p>\n<p>\u201cReafirmo nosso juramento integral de defesa da Constitui\u00e7\u00e3o brasileira e pela soberania do Brasil, pela independ\u00eancia do Poder Judici\u00e1rio e pela cidadania de todos os brasileiros e brasileiras, pois deixamos de ser col\u00f4nia\u201d, disse o ministro. Alexandre tamb\u00e9m afirmou que o Brasil est\u00e1 \u201cconstruindo uma Rep\u00fablica independente e cada vez melhor\u201d.\n<\/p>\n<p>O ministro citou ainda a cria\u00e7\u00e3o da Organiza\u00e7\u00e3o das Na\u00e7\u00f5es Unidas (ONU) e a atua\u00e7\u00e3o do \u00f3rg\u00e3o contra o nazismo.\n<\/p>\n<p>\u201cHoje, ela abriga 193 Estados-membros e dois Estados observadores, que permanecem com o mesmo ide\u00e1rio daquela \u00e9poca: a luta contra o fascismo, contra o nazismo, contra o imperialismo, em todas as suas formas, seja presencial, seja virtual, e tamb\u00e9m a defesa da democracia e a consagra\u00e7\u00e3o dos direitos humanos. Objetivos almejados por todos os 193 Estados-membros, sem discrimina\u00e7\u00e3o, sem coa\u00e7\u00e3o ou sem hierarquia entre Estados.\u201d\n<\/p>\n<p>As declara\u00e7\u00f5es foram feitas em meio a movimentos do Congresso americano e de Trump contra o ministro. Nesta semana, uma comiss\u00e3o da C\u00e2mara dos Deputados americana aprovou um projeto que busca impedir a entrada de Alexandre no pa\u00eds. A proposta, intitulada \u201cSem censores em nosso territ\u00f3rio\u201d, prev\u00ea restri\u00e7\u00f5es a qualquer indiv\u00edduo classificado como \u201cagente estrangeiro\u201d que limite a liberdade de express\u00e3o de cidad\u00e3os dos Estados Unidos.\n<\/p>\n<p>Al\u00e9m disso, a plataforma de v\u00eddeos Rumble, associada a empresas de Trump, acionou Alexandre na Justi\u00e7a dos EUA, com a alega\u00e7\u00e3o de que suas decis\u00f5es ferem a liberdade de express\u00e3o ao impor regras da legisla\u00e7\u00e3o brasileira \u00e0s redes sociais. O ministro determinou o bloqueio do Rumble no Brasil por descumprimento de decis\u00f5es judiciais.\n<\/p>\n<p><strong>Trump e Zelenski<\/strong>\n<\/p>\n<p>Na reuni\u00e3o desta sexta, Trump amea\u00e7ou Zelenski diante da imprensa, afirmando que os EUA \u201cest\u00e3o fora\u201d da guerra se n\u00e3o houver uma tr\u00e9gua da Ucr\u00e2nia com a R\u00fassia.\n<\/p>\n<p>\u201cEu empoderei voc\u00ea para ser um valent\u00e3o, mas voc\u00ea n\u00e3o acha que pode ser um valent\u00e3o sem os EUA. Seu povo \u00e9 muito corajoso, mas voc\u00ea ou far\u00e1 um acordo ou n\u00f3s estamos fora. E se n\u00f3s estivermos fora, voc\u00ea vai perder\u201d, disse Trump, em tom agressivo.\n<\/p>\n<p>Depois que o presidente ucraniano deixou a reuni\u00e3o, o presidente dos EUA disse na rede social Truth Social que Zelenski \u201cpode voltar quando estiver pronto para a paz\u201d.\n<\/p>\n<p>Fonte: Conjur              <\/p>\n<\/div>\n<p><br \/>\n<br \/><a href=\"https:\/\/diariodobrasilnoticias.com.br\/noticia\/moraes-faz-critica-a-postura-de-trump-em-reuniao-com-zelensky-veja-67c30ff446026\">Source link <\/a><\/p>","protected":false},"excerpt":{"rendered":"<p>O ministro Alexandre de Moraes, do Supremo Tribunal Federal, criticou nesta sexta-feira (28\/2) a postura do presidente dos Estados Unidos, Donald Trump, durante reuni\u00e3o com Volodimir Zelenski, presidente da Ucr\u00e2nia.&hellip;<\/p>","protected":false},"author":1,"featured_media":107557,"comment_status":"closed","ping_status":"open","sticky":false,"template":"","format":"standard","meta":{"content-type":"","footnotes":""},"categories":[16],"tags":[123,2448,5313,1267],"class_list":["post-107556","post","type-post","status-publish","format-standard","has-post-thumbnail","hentry","category-noticias","tag-brasil","tag-diario","tag-noticia","tag-noticias"],"_links":{"self":[{"href":"https:\/\/tvbrazilusa.com\/pt\/wp-json\/wp\/v2\/posts\/107556","targetHints":{"allow":["GET"]}}],"collection":[{"href":"https:\/\/tvbrazilusa.com\/pt\/wp-json\/wp\/v2\/posts"}],"about":[{"href":"https:\/\/tvbrazilusa.com\/pt\/wp-json\/wp\/v2\/types\/post"}],"author":[{"embeddable":true,"href":"https:\/\/tvbrazilusa.com\/pt\/wp-json\/wp\/v2\/users\/1"}],"replies":[{"embeddable":true,"href":"https:\/\/tvbrazilusa.com\/pt\/wp-json\/wp\/v2\/comments?post=107556"}],"version-history":[{"count":1,"href":"https:\/\/tvbrazilusa.com\/pt\/wp-json\/wp\/v2\/posts\/107556\/revisions"}],"predecessor-version":[{"id":107558,"href":"https:\/\/tvbrazilusa.com\/pt\/wp-json\/wp\/v2\/posts\/107556\/revisions\/107558"}],"wp:featuredmedia":[{"embeddable":true,"href":"https:\/\/tvbrazilusa.com\/pt\/wp-json\/wp\/v2\/media\/107557"}],"wp:attachment":[{"href":"https:\/\/tvbrazilusa.com\/pt\/wp-json\/wp\/v2\/media?parent=107556"}],"wp:term":[{"taxonomy":"category","embeddable":true,"href":"https:\/\/tvbrazilusa.com\/pt\/wp-json\/wp\/v2\/categories?post=107556"},{"taxonomy":"post_tag","embeddable":true,"href":"https:\/\/tvbrazilusa.com\/pt\/wp-json\/wp\/v2\/tags?post=107556"}],"curies":[{"name":"wp","href":"https:\/\/api.w.org\/{rel}","templated":true}]}}