{"id":107571,"date":"2025-03-01T17:16:55","date_gmt":"2025-03-01T17:16:55","guid":{"rendered":"https:\/\/tvbrazilusa.com\/2025\/03\/01\/presidente-do-superior-tribunal-militar-diz-que-penas-aplicadas-aos-presos-do-8-de-janeiro-sao-muito-elevadas\/"},"modified":"2025-03-01T17:16:58","modified_gmt":"2025-03-01T17:16:58","slug":"presidente-do-superior-tribunal-militar-diz-que-penas-aplicadas-aos-presos-do-8-de-janeiro-sao-muito-elevadas","status":"publish","type":"post","link":"https:\/\/tvbrazilusa.com\/pt\/2025\/03\/01\/presidente-do-superior-tribunal-militar-diz-que-penas-aplicadas-aos-presos-do-8-de-janeiro-sao-muito-elevadas\/","title":{"rendered":"Presidente do Superior Tribunal Militar diz que penas aplicadas aos presos do 8 de janeiro s\u00e3o &#8216;muito elevadas&#8217;"},"content":{"rendered":"<p> <script async src=\"https:\/\/pagead2.googlesyndication.com\/pagead\/js\/adsbygoogle.js?client=ca-pub-8864793242727901\"\r\n     crossorigin=\"anonymous\"><\/script><br \/>\n<\/p>\n<div id=\"taboola-read-more\" style=\"display:block; width:100%\">\n<p>Durante uma entrevista \u00e0 CNN Brasil, na sexta-feira 28, a presidente do Superior Tribunal Militar (STM), Maria Elizabeth Rocha, disse que as penas aplicadas aos presos do 8 de janeiro s\u00e3o \u201cmuito elevadas\u201d.\n<\/p>\n<p>Apesar da observa\u00e7\u00e3o, sobre as condena\u00e7\u00e3o determinadas aos manifestantes, a presidente do STM acredita que ainda \u00e9 cedo para se falar em anistia aos presos. \u201cSeria uma menina muito precipitada\u201d, declarou. A magistrada, contudo, ponderou que at\u00e9 mesmo os parlamentares podem decret\u00e1-la.<\/p>\n<p>\u201cO Congresso Nacional pode faz\u00ea-lo, o presidente pode at\u00e9 indultar, se quiser\u201d, observou Maria . \u201cMas me parece estranho essa discuss\u00e3o sobre anistia agora, sendo que nem houve a conclus\u00e3o de todos os julgamentos.\u201d\n<\/p>\n<p>A magistrada foi eleita para presidir o STM no bi\u00eanio 2025-2027. Ser\u00e1 a segunda vez que ela assume o cargo. A primeira ocorreu entre 2014 e 2015, para um mandato tamp\u00e3o. Maria chegou ao tribunal por indica\u00e7\u00e3o do presidente Lula, em 2007.\n<\/p>\n<p><strong>Penas pelo 8 de janeiro comentadas por Maria Elizabeth Rocha<\/strong>\n<\/p>\n<p>At\u00e9 o momento, o Supremo Tribunal Federal (STF) condenou 335 brasileiros presos pelos atos de 8 de janeiro.\n<\/p>\n<p>De acordo com um relat\u00f3rio da Corte, 225 penas j\u00e1 foram proferidas \u2014 e 99% delas s\u00e3o superiores a 10 anos. Mais da metade chega a 14 anos de pris\u00e3o, sendo que quase 40% ultrapassam os 16 anos. O gabinete do ministro Alexandre de Moraes elaborou o documento como um balan\u00e7o das investiga\u00e7\u00f5es em raz\u00e3o dos dois anos dos atos. O STF trata o epis\u00f3dio como uma tentativa de golpe de Estado.\n<\/p>\n<p>Fonte: Revista Oeste              <\/p>\n<\/div>\n<p><br \/>\n<br \/><a href=\"https:\/\/diariodobrasilnoticias.com.br\/noticia\/presidente-do-superior-tribunal-militar-diz-que-penas-aplicadas-aos-presos-do-8-de-janeiro-sao-muito-elevadas-67c33d2e71296\">Source link <\/a><\/p>","protected":false},"excerpt":{"rendered":"<p>Durante uma entrevista \u00e0 CNN Brasil, na sexta-feira 28, a presidente do Superior Tribunal Militar (STM), Maria Elizabeth Rocha, disse que as penas aplicadas aos presos do 8 de janeiro&hellip;<\/p>","protected":false},"author":1,"featured_media":107572,"comment_status":"closed","ping_status":"open","sticky":false,"template":"","format":"standard","meta":{"content-type":"","footnotes":""},"categories":[16],"tags":[123,2448,5313,1267],"class_list":["post-107571","post","type-post","status-publish","format-standard","has-post-thumbnail","hentry","category-noticias","tag-brasil","tag-diario","tag-noticia","tag-noticias"],"_links":{"self":[{"href":"https:\/\/tvbrazilusa.com\/pt\/wp-json\/wp\/v2\/posts\/107571","targetHints":{"allow":["GET"]}}],"collection":[{"href":"https:\/\/tvbrazilusa.com\/pt\/wp-json\/wp\/v2\/posts"}],"about":[{"href":"https:\/\/tvbrazilusa.com\/pt\/wp-json\/wp\/v2\/types\/post"}],"author":[{"embeddable":true,"href":"https:\/\/tvbrazilusa.com\/pt\/wp-json\/wp\/v2\/users\/1"}],"replies":[{"embeddable":true,"href":"https:\/\/tvbrazilusa.com\/pt\/wp-json\/wp\/v2\/comments?post=107571"}],"version-history":[{"count":1,"href":"https:\/\/tvbrazilusa.com\/pt\/wp-json\/wp\/v2\/posts\/107571\/revisions"}],"predecessor-version":[{"id":107573,"href":"https:\/\/tvbrazilusa.com\/pt\/wp-json\/wp\/v2\/posts\/107571\/revisions\/107573"}],"wp:featuredmedia":[{"embeddable":true,"href":"https:\/\/tvbrazilusa.com\/pt\/wp-json\/wp\/v2\/media\/107572"}],"wp:attachment":[{"href":"https:\/\/tvbrazilusa.com\/pt\/wp-json\/wp\/v2\/media?parent=107571"}],"wp:term":[{"taxonomy":"category","embeddable":true,"href":"https:\/\/tvbrazilusa.com\/pt\/wp-json\/wp\/v2\/categories?post=107571"},{"taxonomy":"post_tag","embeddable":true,"href":"https:\/\/tvbrazilusa.com\/pt\/wp-json\/wp\/v2\/tags?post=107571"}],"curies":[{"name":"wp","href":"https:\/\/api.w.org\/{rel}","templated":true}]}}