{"id":107574,"date":"2025-03-01T17:30:53","date_gmt":"2025-03-01T17:30:53","guid":{"rendered":"https:\/\/tvbrazilusa.com\/2025\/03\/01\/russia-se-pronuncia-apos-bate-boca-na-casa-branca-veja\/"},"modified":"2025-03-01T17:30:57","modified_gmt":"2025-03-01T17:30:57","slug":"russia-se-pronuncia-apos-bate-boca-na-casa-branca-veja","status":"publish","type":"post","link":"https:\/\/tvbrazilusa.com\/pt\/2025\/03\/01\/russia-se-pronuncia-apos-bate-boca-na-casa-branca-veja\/","title":{"rendered":"R\u00fassia se pronuncia ap\u00f3s bate-boca na Casa Branca; veja"},"content":{"rendered":"<p> <script async src=\"https:\/\/pagead2.googlesyndication.com\/pagead\/js\/adsbygoogle.js?client=ca-pub-8864793242727901\"\r\n     crossorigin=\"anonymous\"><\/script><br \/>\n<\/p>\n<div id=\"taboola-read-more\" style=\"display:block; width:100%\">\n<p>A porta-voz do Minist\u00e9rio das Rela\u00e7\u00f5es Exteriores da R\u00fassia, Maria Zakharova, afirmou que o presidente da Ucr\u00e2nia, Volodymyr Zelensky, rejeita a paz e est\u00e1 obcecado com a continua\u00e7\u00e3o da guerra.\n<\/p>\n<p>O coment\u00e1rio foi feito ap\u00f3s a visita de Zelensky a Washington, onde ele discutiu com o presidente dos Estados Unidos, Donald Trump.<\/p>\n<p>Assim, a porta-voz destacou que a visita do l\u00edder ucraniano foi \u201cum fracasso diplom\u00e1tico completo de Kiev\u201d.\n<\/p>\n<p><strong>Discuss\u00e3o entre Zelensky e Trump<\/strong>\n<\/p>\n<p>O bate-boca entre os chefes de Estado ocorreu ap\u00f3s cr\u00edticas feitas por Zelensky \u00e0 postura dos governos dos Estados Unidos diante das a\u00e7\u00f5es russas para anexa\u00e7\u00e3o de territ\u00f3rios ucranianos, entre 2014 e 2022.\n<\/p>\n<p>Trump se irritou e disse que o ucraniano estava jogando com milh\u00f5es de vidas e na 3\u00aa Guerra Mundial \u2013 e repetiu que ele n\u00e3o tem cartas para negocia\u00e7\u00e3o.\n<\/p>\n<p>Em seguida, o vice-presidente dos EUA, J.D. Vance, afirmou que a postura de Zelensky era ingrato. \u201cQuantas vezes voc\u00ea disse \u2018obrigado\u2019 nessa reuni\u00e3o?\u201d, perguntou.\n<\/p>\n<p>A cena causou espanto ao redor do mundo. Jornalistas que cobrem a Casa Branca h\u00e1 anos disseram nunca ter visto algo parecido, j\u00e1 que, ao menos no encontro que \u00e9 televisionado, as autoridades costumam manter a compostura \u2013mesmo que as reuni\u00f5es a portas fechadas sejam duras.\n<\/p>\n<p><strong>Entenda a guerra entre R\u00fassia e Ucr\u00e2nia<\/strong>\n<\/p>\n<p>A R\u00fassia invadiu a Ucr\u00e2nia em fevereiro de 2022 e entrou no territ\u00f3rio por tr\u00eas frentes: pela fronteira russa, pela Crimeia e por Belarus, pa\u00eds forte aliado do Kremlin.\n<\/p>\n<p>For\u00e7as leais ao presidente Vladimir Putin conseguiram avan\u00e7os significativos nos primeiros dias, mas os ucranianos conseguiram manter o controle de Kiev, ainda que a cidade tamb\u00e9m tenha sido atacada. A invas\u00e3o foi criticada internacionalmente e o Kremlin foi alvo de san\u00e7\u00f5es econ\u00f4micas do Ocidente.\n<\/p>\n<p>Em outubro de 2024, ap\u00f3s milhares de mortos, a guerra na Ucr\u00e2nia entrou no que analistas descrevem como o momento mais perigoso at\u00e9 agora.\n<\/p>\n<p>As tens\u00f5es se elevaram quando o presidente russo, Vladimir Putin, ordenou o uso de um m\u00edssil hipers\u00f4nico de alcance intermedi\u00e1rio durante um ataque em solo ucraniano. O proj\u00e9til carregou ogivas convencionais, mas \u00e9 capaz de levar material nuclear.\n<\/p>\n<p>O lan\u00e7amento aconteceu ap\u00f3s a Ucr\u00e2nia fazer uma ofensiva dentro do territ\u00f3rio russo usando armamentos fabricados por pot\u00eancias ocidentais, como os Estados Unidos, o Reino Unido e a Fran\u00e7a.\n<\/p>\n<p>A intelig\u00eancia ocidental denuncia que a R\u00fassia est\u00e1 usando tropas da Coreia do Norte no conflito na Ucr\u00e2nia. Moscou e Pyongyang n\u00e3o negam, nem confirmam o relato.\n<\/p>\n<p>O presidente Vladimir Putin, que substituiu seu ministro da Defesa em maio, disse que as for\u00e7as russas est\u00e3o avan\u00e7ando muito mais efetivamente \u2013 e que a R\u00fassia alcan\u00e7ar\u00e1 todos os seus objetivos na Ucr\u00e2nia, embora ele n\u00e3o tenha dado detalhes.\n<\/p>\n<p>O presidente ucraniano, Volodymyr Zelensky, disse acreditar que os principais objetivos de Putin s\u00e3o ocupar toda a regi\u00e3o de Donbass, abrangendo as regi\u00f5es de Donetsk e Luhansk, e expulsar as tropas ucranianas da regi\u00e3o de Kursk, na R\u00fassia, das quais controlam partes desde agosto.\n<\/p>\n<p>*com informa\u00e7\u00f5es da Reuters\n<\/p>\n<p>Fonte: CNN\n              <\/p>\n<\/div>\n<p><br \/>\n<br \/><a href=\"https:\/\/diariodobrasilnoticias.com.br\/noticia\/russia-se-pronuncia-apos-bate-boca-na-casa-branca-veja-67c33f3b61f3b\">Source link <\/a><\/p>","protected":false},"excerpt":{"rendered":"<p>A porta-voz do Minist\u00e9rio das Rela\u00e7\u00f5es Exteriores da R\u00fassia, Maria Zakharova, afirmou que o presidente da Ucr\u00e2nia, Volodymyr Zelensky, rejeita a paz e est\u00e1 obcecado com a continua\u00e7\u00e3o da guerra.&hellip;<\/p>","protected":false},"author":1,"featured_media":107575,"comment_status":"closed","ping_status":"open","sticky":false,"template":"","format":"standard","meta":{"content-type":"","footnotes":""},"categories":[16],"tags":[123,2448,5313,1267],"class_list":["post-107574","post","type-post","status-publish","format-standard","has-post-thumbnail","hentry","category-noticias","tag-brasil","tag-diario","tag-noticia","tag-noticias"],"_links":{"self":[{"href":"https:\/\/tvbrazilusa.com\/pt\/wp-json\/wp\/v2\/posts\/107574","targetHints":{"allow":["GET"]}}],"collection":[{"href":"https:\/\/tvbrazilusa.com\/pt\/wp-json\/wp\/v2\/posts"}],"about":[{"href":"https:\/\/tvbrazilusa.com\/pt\/wp-json\/wp\/v2\/types\/post"}],"author":[{"embeddable":true,"href":"https:\/\/tvbrazilusa.com\/pt\/wp-json\/wp\/v2\/users\/1"}],"replies":[{"embeddable":true,"href":"https:\/\/tvbrazilusa.com\/pt\/wp-json\/wp\/v2\/comments?post=107574"}],"version-history":[{"count":1,"href":"https:\/\/tvbrazilusa.com\/pt\/wp-json\/wp\/v2\/posts\/107574\/revisions"}],"predecessor-version":[{"id":107576,"href":"https:\/\/tvbrazilusa.com\/pt\/wp-json\/wp\/v2\/posts\/107574\/revisions\/107576"}],"wp:featuredmedia":[{"embeddable":true,"href":"https:\/\/tvbrazilusa.com\/pt\/wp-json\/wp\/v2\/media\/107575"}],"wp:attachment":[{"href":"https:\/\/tvbrazilusa.com\/pt\/wp-json\/wp\/v2\/media?parent=107574"}],"wp:term":[{"taxonomy":"category","embeddable":true,"href":"https:\/\/tvbrazilusa.com\/pt\/wp-json\/wp\/v2\/categories?post=107574"},{"taxonomy":"post_tag","embeddable":true,"href":"https:\/\/tvbrazilusa.com\/pt\/wp-json\/wp\/v2\/tags?post=107574"}],"curies":[{"name":"wp","href":"https:\/\/api.w.org\/{rel}","templated":true}]}}