{"id":107577,"date":"2025-03-01T17:44:08","date_gmt":"2025-03-01T17:44:08","guid":{"rendered":"https:\/\/tvbrazilusa.com\/2025\/03\/01\/em-video-que-circula-nas-redes-e-foi-produzido-por-inteligencia-artificial-haddad-e-chamado-de-cristiano-taxado-veja-video\/"},"modified":"2025-03-01T17:44:12","modified_gmt":"2025-03-01T17:44:12","slug":"em-video-que-circula-nas-redes-e-foi-produzido-por-inteligencia-artificial-haddad-e-chamado-de-cristiano-taxado-veja-video","status":"publish","type":"post","link":"https:\/\/tvbrazilusa.com\/pt\/2025\/03\/01\/em-video-que-circula-nas-redes-e-foi-produzido-por-inteligencia-artificial-haddad-e-chamado-de-cristiano-taxado-veja-video\/","title":{"rendered":"Em v\u00eddeo que circula nas redes e foi produzido por Intelig\u00eancia Artificial, Haddad \u00e9 chamado de &#8216;Cristiano Taxado&#8217;; VEJA V\u00cdDEO"},"content":{"rendered":"<p> <script async src=\"https:\/\/pagead2.googlesyndication.com\/pagead\/js\/adsbygoogle.js?client=ca-pub-8864793242727901\"\r\n     crossorigin=\"anonymous\"><\/script><br \/>\n<\/p>\n<div id=\"taboola-read-more\" style=\"display:block; width:100%\">\n<p>Um v\u00eddeo produzido com uso de intelig\u00eancia artificial com o rosto do ministro Fernando Haddad (Fazenda) no corpo do jogador portugu\u00eas Cristiano Ronaldo viralizou nas redes sociais nos \u00faltimos dias. Na publica\u00e7\u00e3o, que traz lances do atleta com a camisa do clube espanhol Real Madrid, ele \u00e9 chamado de \u201cCristiano Taxado\u201d.\n<\/p>\n<p>\u201cEle t\u00e1 carregando a taxa, ele t\u00e1 carregando o imposto, ele t\u00e1 carregando o tributo. Ele t\u00e1 taxando a fam\u00edlia brasileira, ele t\u00e1 carregando a Receita Federal, ele t\u00e1 taxando tudo sozinho\u201d, diz trecho do v\u00eddeo.<\/p>\n<p>Na sequ\u00eancia, a grava\u00e7\u00e3o diz que o ministro est\u00e1 \u201ccolocando a economia do Brasil no bolso\u201d e volta a fazer a compara\u00e7\u00e3o com o jogador: \u201cEsse imposto \u00e9 de Cristiano Taxado. Ele pegou os cupons de desconto e colocou no bolso\u201d.\n<\/p>\n<p>O vereador Carlos Bolsonaro (PL-RJ), filho do ex-presidente Jair Bolsonaro (PL), compartilhou o v\u00eddeo em suas redes na 6\u00aa feira (28.fev.2025).\n<\/p>\n<p><strong>Taxad<\/strong>\n<\/p>\n<p>No ano passado, memes com o ministro tamb\u00e9m viralizaram nas redes depois da aprova\u00e7\u00e3o, em 10 de julho, do PLP (Projeto de Lei Complementar) 68 de 2024, que regulamenta a reforma tribut\u00e1ria, que taxa alimentos ultraprocessados, cervejas e outros produtos.\n<\/p>\n<p>Nas publica\u00e7\u00f5es, os internautas tamb\u00e9m mencionaram o fim da isen\u00e7\u00e3o das compras em plataformas internacionais de at\u00e9 US$ 50.\n<\/p>\n<p>Veja v\u00eddeo:\n<\/p>\n<p><iframe title=\"Haddad e\u0301 chamado de \u201cCristiano Taxado\u201d em vi\u0301deo feito por IA\" width=\"1170\" height=\"658\" src=\"https:\/\/www.youtube.com\/embed\/bJspsgXonSI?feature=oembed\" frameborder=\"0\" allow=\"accelerometer; autoplay; clipboard-write; encrypted-media; gyroscope; picture-in-picture; web-share\" referrerpolicy=\"strict-origin-when-cross-origin\" allowfullscreen><\/iframe>\n<\/p>\n<p>Fonte: Poder360              <\/p>\n<\/div>\n<p><br \/>\n<br \/><a href=\"https:\/\/diariodobrasilnoticias.com.br\/noticia\/em-video-que-circula-nas-redes-e-foi-produzido-por-inteligencia-artificial-haddad-e-chamado-de-cristiano-taxado-veja-video-67c330ba32419\">Source link <\/a><\/p>","protected":false},"excerpt":{"rendered":"<p>Um v\u00eddeo produzido com uso de intelig\u00eancia artificial com o rosto do ministro Fernando Haddad (Fazenda) no corpo do jogador portugu\u00eas Cristiano Ronaldo viralizou nas redes sociais nos \u00faltimos dias.&hellip;<\/p>","protected":false},"author":1,"featured_media":107578,"comment_status":"closed","ping_status":"open","sticky":false,"template":"","format":"standard","meta":{"content-type":"","footnotes":""},"categories":[16],"tags":[123,2448,5313,1267],"class_list":["post-107577","post","type-post","status-publish","format-standard","has-post-thumbnail","hentry","category-noticias","tag-brasil","tag-diario","tag-noticia","tag-noticias"],"_links":{"self":[{"href":"https:\/\/tvbrazilusa.com\/pt\/wp-json\/wp\/v2\/posts\/107577","targetHints":{"allow":["GET"]}}],"collection":[{"href":"https:\/\/tvbrazilusa.com\/pt\/wp-json\/wp\/v2\/posts"}],"about":[{"href":"https:\/\/tvbrazilusa.com\/pt\/wp-json\/wp\/v2\/types\/post"}],"author":[{"embeddable":true,"href":"https:\/\/tvbrazilusa.com\/pt\/wp-json\/wp\/v2\/users\/1"}],"replies":[{"embeddable":true,"href":"https:\/\/tvbrazilusa.com\/pt\/wp-json\/wp\/v2\/comments?post=107577"}],"version-history":[{"count":1,"href":"https:\/\/tvbrazilusa.com\/pt\/wp-json\/wp\/v2\/posts\/107577\/revisions"}],"predecessor-version":[{"id":107579,"href":"https:\/\/tvbrazilusa.com\/pt\/wp-json\/wp\/v2\/posts\/107577\/revisions\/107579"}],"wp:featuredmedia":[{"embeddable":true,"href":"https:\/\/tvbrazilusa.com\/pt\/wp-json\/wp\/v2\/media\/107578"}],"wp:attachment":[{"href":"https:\/\/tvbrazilusa.com\/pt\/wp-json\/wp\/v2\/media?parent=107577"}],"wp:term":[{"taxonomy":"category","embeddable":true,"href":"https:\/\/tvbrazilusa.com\/pt\/wp-json\/wp\/v2\/categories?post=107577"},{"taxonomy":"post_tag","embeddable":true,"href":"https:\/\/tvbrazilusa.com\/pt\/wp-json\/wp\/v2\/tags?post=107577"}],"curies":[{"name":"wp","href":"https:\/\/api.w.org\/{rel}","templated":true}]}}