{"id":107580,"date":"2025-03-01T17:57:09","date_gmt":"2025-03-01T17:57:09","guid":{"rendered":"https:\/\/tvbrazilusa.com\/2025\/03\/01\/aeronave-de-carga-da-fedex-colide-com-passaro-motor-pega-fogo-e-piloto-faz-pouso-de-emergencia-veja-video\/"},"modified":"2025-03-01T17:57:14","modified_gmt":"2025-03-01T17:57:14","slug":"aeronave-de-carga-da-fedex-colide-com-passaro-motor-pega-fogo-e-piloto-faz-pouso-de-emergencia-veja-video","status":"publish","type":"post","link":"https:\/\/tvbrazilusa.com\/pt\/2025\/03\/01\/aeronave-de-carga-da-fedex-colide-com-passaro-motor-pega-fogo-e-piloto-faz-pouso-de-emergencia-veja-video\/","title":{"rendered":"Aeronave de carga da FedEx colide com p\u00e1ssaro, motor pega fogo, e piloto faz pouso de emerg\u00eancia; VEJA V\u00cdDEO"},"content":{"rendered":"<p> <script async src=\"https:\/\/pagead2.googlesyndication.com\/pagead\/js\/adsbygoogle.js?client=ca-pub-8864793242727901\"\r\n     crossorigin=\"anonymous\"><\/script><br \/>\n<\/p>\n<div id=\"taboola-read-more\" style=\"display:block; width:100%\">\n<p>Um avi\u00e3o de carga da companhia FedEx realizou um pouso de emerg\u00eancia no aeroporto de Newark, em Nova J\u00e9rsei, EUA, ap\u00f3s um de seus dois motores apresentar um princ\u00edpio de inc\u00eandio. De acordo com a empresa, o incidente foi provocado por uma colis\u00e3o com p\u00e1ssaro.\n<\/p>\n<p>A aeronave, modelo Boeing 767-300, decolou do mesmo aeroporto por volta das 8h no hor\u00e1rio local (10h em Bras\u00edlia) deste s\u00e1bado (1\u00ba) com destino a Indianapolis. V\u00eddeos feitos por celular, no entanto, mostram o motor direito do avi\u00e3o em chamas ainda na regi\u00e3o de Nova J\u00e9rsei.<\/p>\n<p>De acordo com o site de monitoramento a\u00e9reo FlightRadar24, o voo durou cerca de 7 minutos antes de retornar ao solo, pousando na mesma pista.\n<\/p>\n<p>Segundo a rede de TV NBC news, ningu\u00e9m ficou ferido. N\u00e3o h\u00e1 informa\u00e7\u00e3o sobre quantos ocupantes estavam a bordo da aeronave.\n<\/p>\n<p>O Boeing 767 \u00e9 um avi\u00e3o bimotor de fuselagem larga lan\u00e7ado pela fabricante americana nos anos 1980. Ele \u00e9 considerado um sucesso de vendas e ainda realiza voos de passageiros com frequ\u00eancia por diversas companhias a\u00e9reas, inclusive no Brasil. A vers\u00e3o 300 come\u00e7ou a voar em 1986.\n<\/p>\n<p>O modelo, no entanto, \u00e9 considerado ultrapassado pelo mercado, por conta de seu desempenho e tecnologia embarcada, e foi sucedido pelo 787 Dreamliner, desenvolvido pela Boeing para atender o mesmo mercado.\n<\/p>\n<p>Ele \u00e9 bastante usado como cargueiro, no entanto. O modelo cujo motor pegou fogo neste s\u00e1bado foi entregue em agosto de 2019, tendo pouco mais de 5 anos e 6 meses de uso.\n<\/p>\n<p>Para um modelo receber certifica\u00e7\u00e3o e ser autorizado a voar, ele precisa passar por testes r\u00edgidos de seguran\u00e7a. Um avi\u00e3o bimotor, por exemplo, deve ser capaz de decolar com apenas um de seus motores funcionando.\n<\/p>\n<p>Veja v\u00eddeo:\n<\/p>\n<p>Fonte: g1              <\/p>\n<\/div>\n<p><br \/>\n<br \/><a href=\"https:\/\/diariodobrasilnoticias.com.br\/noticia\/aeronave-de-carga-da-fedex-colide-com-passaro-motor-pega-fogo-e-piloto-faz-pouso-de-emergencia-veja-video-67c328aee0524\">Source link <\/a><\/p>","protected":false},"excerpt":{"rendered":"<p>Um avi\u00e3o de carga da companhia FedEx realizou um pouso de emerg\u00eancia no aeroporto de Newark, em Nova J\u00e9rsei, EUA, ap\u00f3s um de seus dois motores apresentar um princ\u00edpio de&hellip;<\/p>","protected":false},"author":1,"featured_media":107581,"comment_status":"closed","ping_status":"open","sticky":false,"template":"","format":"standard","meta":{"content-type":"","footnotes":""},"categories":[16],"tags":[123,2448,5313,1267],"class_list":["post-107580","post","type-post","status-publish","format-standard","has-post-thumbnail","hentry","category-noticias","tag-brasil","tag-diario","tag-noticia","tag-noticias"],"_links":{"self":[{"href":"https:\/\/tvbrazilusa.com\/pt\/wp-json\/wp\/v2\/posts\/107580","targetHints":{"allow":["GET"]}}],"collection":[{"href":"https:\/\/tvbrazilusa.com\/pt\/wp-json\/wp\/v2\/posts"}],"about":[{"href":"https:\/\/tvbrazilusa.com\/pt\/wp-json\/wp\/v2\/types\/post"}],"author":[{"embeddable":true,"href":"https:\/\/tvbrazilusa.com\/pt\/wp-json\/wp\/v2\/users\/1"}],"replies":[{"embeddable":true,"href":"https:\/\/tvbrazilusa.com\/pt\/wp-json\/wp\/v2\/comments?post=107580"}],"version-history":[{"count":1,"href":"https:\/\/tvbrazilusa.com\/pt\/wp-json\/wp\/v2\/posts\/107580\/revisions"}],"predecessor-version":[{"id":107582,"href":"https:\/\/tvbrazilusa.com\/pt\/wp-json\/wp\/v2\/posts\/107580\/revisions\/107582"}],"wp:featuredmedia":[{"embeddable":true,"href":"https:\/\/tvbrazilusa.com\/pt\/wp-json\/wp\/v2\/media\/107581"}],"wp:attachment":[{"href":"https:\/\/tvbrazilusa.com\/pt\/wp-json\/wp\/v2\/media?parent=107580"}],"wp:term":[{"taxonomy":"category","embeddable":true,"href":"https:\/\/tvbrazilusa.com\/pt\/wp-json\/wp\/v2\/categories?post=107580"},{"taxonomy":"post_tag","embeddable":true,"href":"https:\/\/tvbrazilusa.com\/pt\/wp-json\/wp\/v2\/tags?post=107580"}],"curies":[{"name":"wp","href":"https:\/\/api.w.org\/{rel}","templated":true}]}}