{"id":107583,"date":"2025-03-01T18:11:38","date_gmt":"2025-03-01T18:11:38","guid":{"rendered":"https:\/\/tvbrazilusa.com\/2025\/03\/01\/video-de-advogada-e-promotora-discutindo-em-juri-viraliza-nas-redes-veja\/"},"modified":"2025-03-01T18:11:42","modified_gmt":"2025-03-01T18:11:42","slug":"video-de-advogada-e-promotora-discutindo-em-juri-viraliza-nas-redes-veja","status":"publish","type":"post","link":"https:\/\/tvbrazilusa.com\/pt\/2025\/03\/01\/video-de-advogada-e-promotora-discutindo-em-juri-viraliza-nas-redes-veja\/","title":{"rendered":"V\u00eddeo de advogada e promotora discutindo em j\u00fari viraliza nas redes; veja"},"content":{"rendered":"<p> <script async src=\"https:\/\/pagead2.googlesyndication.com\/pagead\/js\/adsbygoogle.js?client=ca-pub-8864793242727901\"\r\n     crossorigin=\"anonymous\"><\/script><br \/>\n<\/p>\n<div id=\"taboola-read-more\" style=\"display:block; width:100%\">\n<p>Um v\u00eddeo que viralizou nos \u00faltimos dias nas redes sociais mostra uma discuss\u00e3o entre a advogada Luc\u00edlia Barros e a promotora Silvia Regina Aquino do Amaral, do Minist\u00e9rio P\u00fablico do Rio de Janeiro (MPRJ). O embate aconteceu no \u00faltimo dia 13 de fevereiro, em S\u00e3o Gon\u00e7alo (RJ), durante o julgamento de Luiz Felip Soares de Souza, que acabou sendo condenado na ocasi\u00e3o a 20 anos de pris\u00e3o por homic\u00eddio qualificado.\n<\/p>\n<p>R\u00e9u no Tribunal do J\u00fari por homic\u00eddio qualificado que teve como v\u00edtima um homem identificado como Everaldo Moura Quintanilha, Luiz j\u00e1 possu\u00eda anteriormente, de acordo com a ju\u00edza Juliana Bessa Ferraz Krykhtine, que o condenou no dia 13 de fevereiro, ao menos dez anota\u00e7\u00f5es criminais, sendo uma delas uma condena\u00e7\u00e3o definitiva pelo crime de roubo.<\/p>\n<p><strong>SOBRE A DISCUSS\u00c3O<\/strong>\n<\/p>\n<p>O embate entre advogada e promotora come\u00e7ou quando, durante o julgamento, Luc\u00edlia disse que n\u00e3o era \u201cadvogada do Comando Vermelho\u201d, aparentemente respondendo a uma declara\u00e7\u00e3o da representante do Minist\u00e9rio P\u00fablico, que, por\u00e9m, n\u00e3o aparece no v\u00eddeo que viralizou nas redes. Ap\u00f3s a fala de Luc\u00edlia, a promotora rebateu e disse que Luiz Felip era da fac\u00e7\u00e3o.\n<\/p>\n<p>Assim que ouviu a resposta de Silvia, a advogada ent\u00e3o afirmou que poderia defender o r\u00e9u mesmo que ele fosse do grupo criminoso. O v\u00eddeo da discuss\u00e3o \u00e9 interrompido logo ap\u00f3s a defensora dizer que a promotora teria uma \u201cm\u00e1goa\u201d contra ela.\n<\/p>\n<p>Em outros v\u00eddeos publicados nas redes sociais, Luc\u00edlia afirmou que a tal \u201cm\u00e1goa\u201d seria um habeas corpus obtido por ela em 2022, no Superior Tribunal de Justi\u00e7a (STJ), em favor de Pedro Paulo Matheus Gremion, que h\u00e1 alguns anos foi apontado como chefe do tr\u00e1fico em quatro comunidades de S\u00e3o Gon\u00e7alo.\n<\/p>\n<p>A decis\u00e3o em quest\u00e3o, proferida pelo ministro Ribeiro Dantas em dezembro de 2022, fez com que Pedro e outras sete pessoas fossem beneficiadas com o habeas corpus e escapassem de um julgamento que, segundo Luc\u00edlia, teria a promotora Silvia como representante do MP fluminense.\n<\/p>\n<p>Veja v\u00eddeo:\n<\/p>\n<p>Fonte: Pleno.News              <\/p>\n<\/div>\n<p><br \/>\n<br \/><a href=\"https:\/\/diariodobrasilnoticias.com.br\/noticia\/video-de-advogada-e-promotora-discutindo-em-juri-viraliza-nas-redes-veja-67c32bf43e100\">Source link <\/a><\/p>","protected":false},"excerpt":{"rendered":"<p>Um v\u00eddeo que viralizou nos \u00faltimos dias nas redes sociais mostra uma discuss\u00e3o entre a advogada Luc\u00edlia Barros e a promotora Silvia Regina Aquino do Amaral, do Minist\u00e9rio P\u00fablico do&hellip;<\/p>","protected":false},"author":1,"featured_media":107584,"comment_status":"closed","ping_status":"open","sticky":false,"template":"","format":"standard","meta":{"content-type":"","footnotes":""},"categories":[16],"tags":[123,2448,5313,1267],"class_list":["post-107583","post","type-post","status-publish","format-standard","has-post-thumbnail","hentry","category-noticias","tag-brasil","tag-diario","tag-noticia","tag-noticias"],"_links":{"self":[{"href":"https:\/\/tvbrazilusa.com\/pt\/wp-json\/wp\/v2\/posts\/107583","targetHints":{"allow":["GET"]}}],"collection":[{"href":"https:\/\/tvbrazilusa.com\/pt\/wp-json\/wp\/v2\/posts"}],"about":[{"href":"https:\/\/tvbrazilusa.com\/pt\/wp-json\/wp\/v2\/types\/post"}],"author":[{"embeddable":true,"href":"https:\/\/tvbrazilusa.com\/pt\/wp-json\/wp\/v2\/users\/1"}],"replies":[{"embeddable":true,"href":"https:\/\/tvbrazilusa.com\/pt\/wp-json\/wp\/v2\/comments?post=107583"}],"version-history":[{"count":1,"href":"https:\/\/tvbrazilusa.com\/pt\/wp-json\/wp\/v2\/posts\/107583\/revisions"}],"predecessor-version":[{"id":107585,"href":"https:\/\/tvbrazilusa.com\/pt\/wp-json\/wp\/v2\/posts\/107583\/revisions\/107585"}],"wp:featuredmedia":[{"embeddable":true,"href":"https:\/\/tvbrazilusa.com\/pt\/wp-json\/wp\/v2\/media\/107584"}],"wp:attachment":[{"href":"https:\/\/tvbrazilusa.com\/pt\/wp-json\/wp\/v2\/media?parent=107583"}],"wp:term":[{"taxonomy":"category","embeddable":true,"href":"https:\/\/tvbrazilusa.com\/pt\/wp-json\/wp\/v2\/categories?post=107583"},{"taxonomy":"post_tag","embeddable":true,"href":"https:\/\/tvbrazilusa.com\/pt\/wp-json\/wp\/v2\/tags?post=107583"}],"curies":[{"name":"wp","href":"https:\/\/api.w.org\/{rel}","templated":true}]}}