{"id":107588,"date":"2025-03-01T18:24:09","date_gmt":"2025-03-01T18:24:09","guid":{"rendered":"https:\/\/tvbrazilusa.com\/2025\/03\/01\/governador-de-santa-catarina-jorginho-mello-pl-rebate-critica-de-lula-nunca-fez-nada-por-santa-catarina-veja-video\/"},"modified":"2025-03-01T18:24:10","modified_gmt":"2025-03-01T18:24:10","slug":"governador-de-santa-catarina-jorginho-mello-pl-rebate-critica-de-lula-nunca-fez-nada-por-santa-catarina-veja-video","status":"publish","type":"post","link":"https:\/\/tvbrazilusa.com\/pt\/2025\/03\/01\/governador-de-santa-catarina-jorginho-mello-pl-rebate-critica-de-lula-nunca-fez-nada-por-santa-catarina-veja-video\/","title":{"rendered":"Governador de Santa Catarina, Jorginho Mello (PL), rebate cr\u00edtica de Lula: &#8216;Nunca fez nada por Santa Catarina&#8217;; VEJA V\u00cdDEO"},"content":{"rendered":"<p> <script async src=\"https:\/\/pagead2.googlesyndication.com\/pagead\/js\/adsbygoogle.js?client=ca-pub-8864793242727901\"\r\n     crossorigin=\"anonymous\"><\/script><br \/>\n<\/p>\n<div id=\"taboola-read-more\" style=\"display:block; width:100%\">\n<p>O governador de Santa Catarina, Jorginho Mello (PL), respondeu ao presidente Luiz In\u00e1cio Lula da Silva (PT) em publica\u00e7\u00e3o no X (antigo Twitter), neste s\u00e1bado (1.mar.2025), depois que o chefe do executivo afirmou que Mello era o governador mais cr\u00edtico de sua gest\u00e3o.\n<\/p>\n<p>\u201cN\u00e3o falo mal de voc\u00ea, Lula, falo a verdade\u201d, disse o governador em v\u00eddeo publicado na rede social. \u201cPor isso, a tua popularidade despencou na \u00faltima semana. Veja, nosso estado recebe apenas R$ 10,00 de volta a cada R$ 100,00 que mandamos para Bras\u00edlia. E quando voc\u00eas mandam uma migalha pra c\u00e1, acham que a gente tem que soltar foguete? Santa Catarina merece respeito. E o povo brasileiro tamb\u00e9m\u201d, completou.<\/p>\n<p>O presidente deve ir \u00e0 Santa Catarina na primeira semana de mar\u00e7o de 2025. Ser\u00e1 a segunda visita de Lula ao Estado no atual mandato. Em agosto de 2024, o presidente esteve em Florian\u00f3polis para a inaugura\u00e7\u00e3o do Contorno Vi\u00e1rio da Grande Florian\u00f3polis e em Itaja\u00ed para o lan\u00e7amento da Fragata Tamandar\u00e9 .\n<\/p>\n<p>\u201cEu vou, possivelmente na semana que vem, a um estado que tem um governador que mais fala mal de mim. Eu vou tamb\u00e9m no Porto de Itaja\u00ed, [para] fazer aquilo que tem que ser feito porque ele ficou parado quase dois anos\u201d, disse Lula, na quinta-feira passada (27.fev.2025), durante a cerim\u00f4nia de assinatura do edital das obras do t\u00fanel Santos-Guaruj\u00e1, em S\u00e3o Paulo. \u201cN\u00f3s vamos colocar aquele porto, que \u00e9 o segundo de cont\u00eainer do Brasil, para funcionar\u201d, acrescentou.\n<\/p>\n<p>No v\u00eddeo em resposta, Jorginho Mello alfinetou Lula ao comentar sua visita ao Porto de Itaja\u00ed. \u201cVoc\u00ea vai Itaja\u00ed, mas vai pelo ar. Porque se vier pela BR, n\u00e3o chega. Fica parado. \u00c9 esse o ran\u00e7o do povo aqui. Voc\u00eas n\u00e3o se mexem. A NTT n\u00e3o se mexe. O governo federal n\u00e3o se mexe. T\u00e1 todo mundo cansado de muito papo e muito migu\u00e9. Vamos trabalhar? Vamos!\u201d, declarou o governador.\n<\/p>\n<p>Veja v\u00eddeo:\n<\/p>\n<p>Fonte: Poder360              <\/p>\n<\/div>\n<p><br \/>\n<br \/><a href=\"https:\/\/diariodobrasilnoticias.com.br\/noticia\/governador-de-santa-catarina-jorginho-mello-pl-rebate-critica-de-lula-nunca-fez-nada-por-santa-catarina-veja-video-67c32e6755fc0\">Source link <\/a><\/p>","protected":false},"excerpt":{"rendered":"<p>O governador de Santa Catarina, Jorginho Mello (PL), respondeu ao presidente Luiz In\u00e1cio Lula da Silva (PT) em publica\u00e7\u00e3o no X (antigo Twitter), neste s\u00e1bado (1.mar.2025), depois que o chefe&hellip;<\/p>","protected":false},"author":1,"featured_media":107589,"comment_status":"closed","ping_status":"open","sticky":false,"template":"","format":"standard","meta":{"content-type":"","footnotes":""},"categories":[16],"tags":[123,2448,5313,1267],"class_list":["post-107588","post","type-post","status-publish","format-standard","has-post-thumbnail","hentry","category-noticias","tag-brasil","tag-diario","tag-noticia","tag-noticias"],"_links":{"self":[{"href":"https:\/\/tvbrazilusa.com\/pt\/wp-json\/wp\/v2\/posts\/107588","targetHints":{"allow":["GET"]}}],"collection":[{"href":"https:\/\/tvbrazilusa.com\/pt\/wp-json\/wp\/v2\/posts"}],"about":[{"href":"https:\/\/tvbrazilusa.com\/pt\/wp-json\/wp\/v2\/types\/post"}],"author":[{"embeddable":true,"href":"https:\/\/tvbrazilusa.com\/pt\/wp-json\/wp\/v2\/users\/1"}],"replies":[{"embeddable":true,"href":"https:\/\/tvbrazilusa.com\/pt\/wp-json\/wp\/v2\/comments?post=107588"}],"version-history":[{"count":1,"href":"https:\/\/tvbrazilusa.com\/pt\/wp-json\/wp\/v2\/posts\/107588\/revisions"}],"predecessor-version":[{"id":107590,"href":"https:\/\/tvbrazilusa.com\/pt\/wp-json\/wp\/v2\/posts\/107588\/revisions\/107590"}],"wp:featuredmedia":[{"embeddable":true,"href":"https:\/\/tvbrazilusa.com\/pt\/wp-json\/wp\/v2\/media\/107589"}],"wp:attachment":[{"href":"https:\/\/tvbrazilusa.com\/pt\/wp-json\/wp\/v2\/media?parent=107588"}],"wp:term":[{"taxonomy":"category","embeddable":true,"href":"https:\/\/tvbrazilusa.com\/pt\/wp-json\/wp\/v2\/categories?post=107588"},{"taxonomy":"post_tag","embeddable":true,"href":"https:\/\/tvbrazilusa.com\/pt\/wp-json\/wp\/v2\/tags?post=107588"}],"curies":[{"name":"wp","href":"https:\/\/api.w.org\/{rel}","templated":true}]}}