{"id":107593,"date":"2025-03-01T18:38:35","date_gmt":"2025-03-01T18:38:35","guid":{"rendered":"https:\/\/tvbrazilusa.com\/2025\/03\/01\/homem-rompe-arteria-e-sofre-avc-apos-dar-espirro-forte-entenda\/"},"modified":"2025-03-01T18:38:37","modified_gmt":"2025-03-01T18:38:37","slug":"homem-rompe-arteria-e-sofre-avc-apos-dar-espirro-forte-entenda","status":"publish","type":"post","link":"https:\/\/tvbrazilusa.com\/pt\/2025\/03\/01\/homem-rompe-arteria-e-sofre-avc-apos-dar-espirro-forte-entenda\/","title":{"rendered":"Homem rompe art\u00e9ria e sofre AVC ap\u00f3s dar espirro forte. entenda"},"content":{"rendered":"<p> <script async src=\"https:\/\/pagead2.googlesyndication.com\/pagead\/js\/adsbygoogle.js?client=ca-pub-8864793242727901\"\r\n     crossorigin=\"anonymous\"><\/script><br \/>\n<\/p>\n<div id=\"taboola-read-more\" style=\"display:block; width:100%\">\n<p>O espirro \u00e9 uma a\u00e7\u00e3o comum, que pode acontecer ap\u00f3s sentirmos um cheiro forte ou como sintoma de uma alergia ou gripe. No entanto, para Ian Applegate, de 35 anos, um simples espirro resultou em um acidente vascular cerebral (AVC), causado pelo rompimento de uma art\u00e9ria.<\/p>\n<p>O caso ocorreu em 9 de fevereiro, nos Estados Unidos, quando Ian voltava ao trabalho ap\u00f3s uma semana gripado. A irm\u00e3 dele, Vanessa Applegate-Vesely, compartilhou a hist\u00f3ria na plataforma GoFundMe, onde explicou que ele sofreu a s\u00edndrome de Wallenberg, uma forma rara de <a class=\"x1i10hfl xjbqb8w x1ejq31n xd10rxx x1sy0etr x17r0tee x972fbf xcfux6l x1qhh985 xm0m39n x9f619 x1ypdohk xt0psk2 xe8uvvx xdj266r x11i5rnm xat24cr x1mh8g0r xexx8yu x4uap5 x18d9i69 xkhd6sd x16tdsg8 x1hl2dhg xggy1nq x1a2a7pz  _aa9_ _a6hd\" tabindex=\"0\" href=\"https:\/\/www.instagram.com\/explore\/tags\/avc\/\">#AVC<\/a>.<\/p>\n<p>A s\u00edndrome de <a class=\"x1i10hfl xjbqb8w x1ejq31n xd10rxx x1sy0etr x17r0tee x972fbf xcfux6l x1qhh985 xm0m39n x9f619 x1ypdohk xt0psk2 xe8uvvx xdj266r x11i5rnm xat24cr x1mh8g0r xexx8yu x4uap5 x18d9i69 xkhd6sd x16tdsg8 x1hl2dhg xggy1nq x1a2a7pz  _aa9_ _a6hd\" tabindex=\"0\" href=\"https:\/\/www.instagram.com\/explore\/tags\/wallenberg\/\">#Wallenberg<\/a> ocorre quando o fluxo sangu\u00edneo para o tronco cerebral \u00e9 interrompido ou retardado, podendo causar s\u00e9rias sequelas neurol\u00f3gicas. \u201cMeu irm\u00e3o teve uma forma rara de <a class=\"x1i10hfl xjbqb8w x1ejq31n xd10rxx x1sy0etr x17r0tee x972fbf xcfux6l x1qhh985 xm0m39n x9f619 x1ypdohk xt0psk2 xe8uvvx xdj266r x11i5rnm xat24cr x1mh8g0r xexx8yu x4uap5 x18d9i69 xkhd6sd x16tdsg8 x1hl2dhg xggy1nq x1a2a7pz  _aa9_ _a6hd\" tabindex=\"0\" href=\"https:\/\/www.instagram.com\/explore\/tags\/derrame\/\">#derrame<\/a> devido a um rompimento da art\u00e9ria vertebral\u201d, escreveu Vanessa.<\/p>\n<p>Ian sentiu os primeiros sintomas logo ap\u00f3s espirrar v\u00e1rias vezes. \u201cFoi imediatamente acompanhado por uma forte dor aguda no pesco\u00e7o, na parte de tr\u00e1s da cabe\u00e7a e no olho esquerdo, e o mundo come\u00e7ou a girar\u201d, relatou.<\/p>\n<p>Em seguida, ele percebeu que o lado esquerdo do rosto ficou dormente, com uma sensa\u00e7\u00e3o de formigamento que se espalhou pelo bra\u00e7o e perna esquerdos, acompanhada de fraqueza.<\/p>\n<p>A press\u00e3o dos espirros provocou um rasgo no revestimento interno da art\u00e9ria vertebral, que fornece sangue para estruturas essenciais do sistema nervoso, como a medula espinhal, o tronco cerebral e o cerebelo.<\/p>\n<p>\u201cEsse rasgo \u00e9 conhecido como dissec\u00e7\u00e3o da art\u00e9ria vertebral\u201d, explicou Vanessa. O co\u00e1gulo formado foi detectado rapidamente por exames, permitindo que os m\u00e9dicos administrassem anticoagulantes para evitar complica\u00e7\u00f5es mais graves.\n<\/p>\n<p>Com informa\u00e7\u00f5es metr\u00f3poles<\/p>\n<\/p><\/div>\n<p><script async src=\"\/\/www.instagram.com\/embed.js\"><\/script><br \/>\n<br \/><br \/>\n<br \/><a href=\"https:\/\/diariodobrasilnoticias.com.br\/noticia\/homem-rompe-arteria-e-sofre-avc-apos-dar-espirro-forte-entenda-67c34d86583e2\">Source link <\/a><\/p>","protected":false},"excerpt":{"rendered":"<p>O espirro \u00e9 uma a\u00e7\u00e3o comum, que pode acontecer ap\u00f3s sentirmos um cheiro forte ou como sintoma de uma alergia ou gripe. No entanto, para Ian Applegate, de 35 anos,&hellip;<\/p>","protected":false},"author":1,"featured_media":107594,"comment_status":"closed","ping_status":"open","sticky":false,"template":"","format":"standard","meta":{"content-type":"","footnotes":""},"categories":[16],"tags":[123,2448,5313,1267],"class_list":["post-107593","post","type-post","status-publish","format-standard","has-post-thumbnail","hentry","category-noticias","tag-brasil","tag-diario","tag-noticia","tag-noticias"],"_links":{"self":[{"href":"https:\/\/tvbrazilusa.com\/pt\/wp-json\/wp\/v2\/posts\/107593","targetHints":{"allow":["GET"]}}],"collection":[{"href":"https:\/\/tvbrazilusa.com\/pt\/wp-json\/wp\/v2\/posts"}],"about":[{"href":"https:\/\/tvbrazilusa.com\/pt\/wp-json\/wp\/v2\/types\/post"}],"author":[{"embeddable":true,"href":"https:\/\/tvbrazilusa.com\/pt\/wp-json\/wp\/v2\/users\/1"}],"replies":[{"embeddable":true,"href":"https:\/\/tvbrazilusa.com\/pt\/wp-json\/wp\/v2\/comments?post=107593"}],"version-history":[{"count":1,"href":"https:\/\/tvbrazilusa.com\/pt\/wp-json\/wp\/v2\/posts\/107593\/revisions"}],"predecessor-version":[{"id":107595,"href":"https:\/\/tvbrazilusa.com\/pt\/wp-json\/wp\/v2\/posts\/107593\/revisions\/107595"}],"wp:featuredmedia":[{"embeddable":true,"href":"https:\/\/tvbrazilusa.com\/pt\/wp-json\/wp\/v2\/media\/107594"}],"wp:attachment":[{"href":"https:\/\/tvbrazilusa.com\/pt\/wp-json\/wp\/v2\/media?parent=107593"}],"wp:term":[{"taxonomy":"category","embeddable":true,"href":"https:\/\/tvbrazilusa.com\/pt\/wp-json\/wp\/v2\/categories?post=107593"},{"taxonomy":"post_tag","embeddable":true,"href":"https:\/\/tvbrazilusa.com\/pt\/wp-json\/wp\/v2\/tags?post=107593"}],"curies":[{"name":"wp","href":"https:\/\/api.w.org\/{rel}","templated":true}]}}