{"id":10765,"date":"2024-07-28T21:06:11","date_gmt":"2024-07-28T21:06:11","guid":{"rendered":"https:\/\/tvbrazilusa.com\/2024\/07\/28\/trump-culpa-biden-e-kamala-harris-por-ataque-a-israel\/"},"modified":"2024-07-28T21:24:58","modified_gmt":"2024-07-28T21:24:58","slug":"trump-culpa-biden-e-kamala-harris-por-ataque-a-israel","status":"publish","type":"post","link":"https:\/\/tvbrazilusa.com\/pt\/2024\/07\/28\/trump-culpa-biden-e-kamala-harris-por-ataque-a-israel\/","title":{"rendered":"Trump culpa Biden e Kamala Harris por ataque a Israel"},"content":{"rendered":"<p> <script async src=\"https:\/\/pagead2.googlesyndication.com\/pagead\/js\/adsbygoogle.js?client=ca-pub-8864793242727901\"\r\n     crossorigin=\"anonymous\"><\/script><br \/>\n<\/p>\n<div>\n<p>O ex-presidente dos Estados Unidos, Donald Trump, atribuiu ao governo do presidente Joe Biden a responsabilidade pelo ataque com foguete a um campo de futebol nas colinas de Gol\u00e3, ocorrido na tarde de s\u00e1bado, que resultou na morte de 12 crian\u00e7as e adolescentes.<\/p>\n<p>Em uma publica\u00e7\u00e3o na rede social Truth Social, Trump afirmou: \u201cO ataque a Israel n\u00e3o pode ser esquecido. Ficar\u00e1 na hist\u00f3ria como mais um momento criado por um presidente e uma vice-presidente fracos e ineficazes\u201d.<\/p>\n<p>Trump deixou claro que, em sua vis\u00e3o, a situa\u00e7\u00e3o internacional iria piorar para os Estados Unidos sob a administra\u00e7\u00e3o de Biden e Harris. \u201cEste ataque, assim como o ataque de 7 de outubro, ou a Guerra Ucr\u00e2nia\/R\u00fassia, nunca teria acontecido se eu fosse presidente! \u00c9 um momento perigoso e terr\u00edvel para o mundo, e \u00e9 quase toda culpa da administra\u00e7\u00e3o Biden-Harris incompetente,\u201d acrescentou.<\/p>\n<h2 class=\"wp-block-heading\">O Ataque ao Campo de Futebol nas Colinas de Gol\u00e3<\/h2>\n<p>O ataque de s\u00e1bado foi atribu\u00eddo pelo Ex\u00e9rcito israelense ao grupo terrorista liban\u00eas Hezbollah. O foguete utilizado era um Falaq-1 de fabrica\u00e7\u00e3o iraniana, equipado com uma ogiva de mais de 50 quilos de explosivos.<\/p>\n<p>O Hezbollah, apoioado pelo Ir\u00e3, negou a responsabilidade pelo ataque, que \u00e9 considerado o mais mortal desde o in\u00edcio da guerra contra o Hamas. Segundo as For\u00e7as de Defesa de Israel, o ataque evidenciou a amea\u00e7a cont\u00ednua representada pelo Hezbollah e outros grupos apoiados pelo Ir\u00e3.<\/p>\n<h2 class=\"wp-block-heading\">Como Israel Pretende Reagir ao Ataque do Hezbollah?<\/h2>\n<p>As For\u00e7as de Defesa de Israel divulgaram um v\u00eddeo no qual o porta-voz Daniel Hagari prometeu uma rea\u00e7\u00e3o contra o Hezbollah ap\u00f3s o ataque. \u201cVamos concluir nossas avalia\u00e7\u00f5es e vamos agir. Esse ataque revela a verdadeira face do Hezbollah, uma organiza\u00e7\u00e3o terrorista que visa e assassina crian\u00e7as jogando futebol numa noite de s\u00e1bado,\u201d afirmou Hagari.<\/p>\n<h2 class=\"wp-block-heading\">Qual a Rea\u00e7\u00e3o do Primeiro-Ministro Benjamin Netanyahu?<\/h2>\n<p>O primeiro-ministro israelense, Benjamin Netanyahu, manifestou \u201cprofundo horror pelo assassinato de crian\u00e7as e inocentes pelo Hezbollah\u201d em uma conversa no s\u00e1bado com Muafak \u1e6carif, l\u00edder espiritual da comunidade drusa de Israel.<\/p>\n<p>Netanyahu enfatizou que o governo israelense n\u00e3o tolerar\u00e1 ataques dessa natureza e tomar\u00e1 todas as medidas necess\u00e1rias para garantir a seguran\u00e7a de seus cidad\u00e3os. Ele afirmou que o ataque foi um golpe n\u00e3o s\u00f3 para Israel, mas para a humanidade como um todo.<\/p>\n<\/p><\/div>\n<p><br \/>\n<br \/><a href=\"https:\/\/terrabrasilnoticias.com\/2024\/07\/trump-culpa-biden-e-kamala-harris-por-ataque-a-israel\/\">Source link <\/a><\/p>","protected":false},"excerpt":{"rendered":"<p>O ex-presidente dos Estados Unidos, Donald Trump, atribuiu ao governo do presidente Joe Biden a responsabilidade pelo ataque com foguete a um campo de futebol nas colinas de Gol\u00e3, ocorrido&hellip;<\/p>","protected":false},"author":1,"featured_media":10766,"comment_status":"closed","ping_status":"open","sticky":false,"template":"","format":"standard","meta":{"content-type":"","footnotes":""},"categories":[16],"tags":[],"class_list":["post-10765","post","type-post","status-publish","format-standard","has-post-thumbnail","hentry","category-noticias"],"_links":{"self":[{"href":"https:\/\/tvbrazilusa.com\/pt\/wp-json\/wp\/v2\/posts\/10765","targetHints":{"allow":["GET"]}}],"collection":[{"href":"https:\/\/tvbrazilusa.com\/pt\/wp-json\/wp\/v2\/posts"}],"about":[{"href":"https:\/\/tvbrazilusa.com\/pt\/wp-json\/wp\/v2\/types\/post"}],"author":[{"embeddable":true,"href":"https:\/\/tvbrazilusa.com\/pt\/wp-json\/wp\/v2\/users\/1"}],"replies":[{"embeddable":true,"href":"https:\/\/tvbrazilusa.com\/pt\/wp-json\/wp\/v2\/comments?post=10765"}],"version-history":[{"count":1,"href":"https:\/\/tvbrazilusa.com\/pt\/wp-json\/wp\/v2\/posts\/10765\/revisions"}],"predecessor-version":[{"id":10767,"href":"https:\/\/tvbrazilusa.com\/pt\/wp-json\/wp\/v2\/posts\/10765\/revisions\/10767"}],"wp:featuredmedia":[{"embeddable":true,"href":"https:\/\/tvbrazilusa.com\/pt\/wp-json\/wp\/v2\/media\/10766"}],"wp:attachment":[{"href":"https:\/\/tvbrazilusa.com\/pt\/wp-json\/wp\/v2\/media?parent=10765"}],"wp:term":[{"taxonomy":"category","embeddable":true,"href":"https:\/\/tvbrazilusa.com\/pt\/wp-json\/wp\/v2\/categories?post=10765"},{"taxonomy":"post_tag","embeddable":true,"href":"https:\/\/tvbrazilusa.com\/pt\/wp-json\/wp\/v2\/tags?post=10765"}],"curies":[{"name":"wp","href":"https:\/\/api.w.org\/{rel}","templated":true}]}}