{"id":107659,"date":"2025-03-01T23:19:17","date_gmt":"2025-03-01T23:19:17","guid":{"rendered":"https:\/\/tvbrazilusa.com\/2025\/03\/01\/nunes-alfineta-paes-parabens-pelo-segundo-maior-carnaval-do-brasil\/"},"modified":"2025-03-01T23:19:19","modified_gmt":"2025-03-01T23:19:19","slug":"nunes-alfineta-paes-parabens-pelo-segundo-maior-carnaval-do-brasil","status":"publish","type":"post","link":"https:\/\/tvbrazilusa.com\/pt\/2025\/03\/01\/nunes-alfineta-paes-parabens-pelo-segundo-maior-carnaval-do-brasil\/","title":{"rendered":"Nunes alfineta Paes: \u201cParab\u00e9ns pelo segundo maior Carnaval do Brasil\u201d"},"content":{"rendered":"<p> <script async src=\"https:\/\/pagead2.googlesyndication.com\/pagead\/js\/adsbygoogle.js?client=ca-pub-8864793242727901\"\r\n     crossorigin=\"anonymous\"><\/script><br \/>\n<\/p>\n<p><strong>S\u00e3o Paulo \u2013<\/strong>\u00a0O prefeito de S\u00e3o Paulo,\u00a0<a href=\"https:\/\/www.metropoles.com\/tag\/ricardo-nunes\">Ricardo Nunes (MDB)<\/a>, provocou o prefeito do Rio,<a href=\"https:\/\/www.metropoles.com\/tag\/eduardo-paes\">\u00a0Eduardo Paes (PSD)<\/a>, parabenizando-o pelo segundo maior Carnaval do Brasil.\n<\/p>\n<div>\n<p data-gtm-vis-recent-on-screen104869357_94=\"38469\" data-gtm-vis-first-on-screen104869357_94=\"38469\" data-gtm-vis-total-visible-time104869357_94=\"100\" data-gtm-vis-has-fired104869357_94=\"1\">A brincadeira de Nunes aconteceu em um v\u00eddeo na central do\u00a0<a href=\"https:\/\/capital.sp.gov.br\/web\/seguranca_urbana\/w\/smart-sampa-2\" target=\"_blank\" rel=\"noopener noreferrer\">Smart Sampa<\/a>, programa de vigil\u00e2ncia que virou a principal vitrine do emedemista. O prefeito falava do saldo da festa paulistana e aproveitou para alfinetar Paes, conhecido pela exalta\u00e7\u00e3o da pr\u00f3pria cidade.<\/p>\n<p>\u00a0<\/p>\n<p>\u201cT\u00e1 lotado, lotado, muita gente. \u00c9 o maior Carnaval do Brasil. Queria mandar o abra\u00e7o para o meu amigo Eduardo Paes, parabenizar ele por ter o segundo maior Carnaval do Brasil. E t\u00e1 aqui o maior e melhor Carnaval do Brasil\u201d, disse Nunes.\n<\/p>\n<p data-gtm-vis-recent-on-screen104869357_94=\"38469\" data-gtm-vis-first-on-screen104869357_94=\"38469\" data-gtm-vis-total-visible-time104869357_94=\"100\" data-gtm-vis-has-fired104869357_94=\"1\">\u00a0\n<\/p>\n<p data-gtm-vis-recent-on-screen104869357_94=\"38469\" data-gtm-vis-first-on-screen104869357_94=\"38469\" data-gtm-vis-total-visible-time104869357_94=\"100\" data-gtm-vis-has-fired104869357_94=\"1\">Nunes estava acompanhado de secret\u00e1rios, entre eles o titular de Seguran\u00e7a Urbana,\u00a0<a href=\"https:\/\/www.metropoles.com\/sao-paulo\/orlando-morando-anuncia-saida-do-psdb-se-distanciou-das-bases\">Orlando Morando (MDB)<\/a>, que completou: \u201cO maior e mais seguro\u201d.\n<\/p>\n<p>O prefeito postou um v\u00eddeo em sua rede social no centro de controle do Smart Sampa. Segundo ele, a central possibilitou a pris\u00e3o de dois foragidos da Justi\u00e7a.\n<\/p>\n<p>Neste ano, o\u00a0<a href=\"https:\/\/www.metropoles.com\/sao-paulo\/bloquinhos-carnaval-sabado-sp\">Carnaval de rua de S\u00e3o Paulo<\/a>\u00a0ter\u00e1 601 bloquinhos confirmados, superando os n\u00fameros de 2023 e 2024. O recorde de blocos inscritos \u00e9 de 2020, quando foram registrados 644.\n<\/p>\n<p>Com informa\u00e7\u00f5es metr\u00f3poles\n<\/p>\n<\/div>\n<p><br \/>\n<br \/><a href=\"https:\/\/diariodobrasilnoticias.com.br\/noticia\/nunes-alfineta-paes-parabens-pelo-segundo-maior-carnaval-do-brasil-67c36f44bcead\">Source link <\/a><\/p>","protected":false},"excerpt":{"rendered":"<p>S\u00e3o Paulo \u2013\u00a0O prefeito de S\u00e3o Paulo,\u00a0Ricardo Nunes (MDB), provocou o prefeito do Rio,\u00a0Eduardo Paes (PSD), parabenizando-o pelo segundo maior Carnaval do Brasil. A brincadeira de Nunes aconteceu em um&hellip;<\/p>","protected":false},"author":1,"featured_media":107660,"comment_status":"closed","ping_status":"open","sticky":false,"template":"","format":"standard","meta":{"content-type":"","footnotes":""},"categories":[16],"tags":[123,2448,5313,1267],"class_list":["post-107659","post","type-post","status-publish","format-standard","has-post-thumbnail","hentry","category-noticias","tag-brasil","tag-diario","tag-noticia","tag-noticias"],"_links":{"self":[{"href":"https:\/\/tvbrazilusa.com\/pt\/wp-json\/wp\/v2\/posts\/107659","targetHints":{"allow":["GET"]}}],"collection":[{"href":"https:\/\/tvbrazilusa.com\/pt\/wp-json\/wp\/v2\/posts"}],"about":[{"href":"https:\/\/tvbrazilusa.com\/pt\/wp-json\/wp\/v2\/types\/post"}],"author":[{"embeddable":true,"href":"https:\/\/tvbrazilusa.com\/pt\/wp-json\/wp\/v2\/users\/1"}],"replies":[{"embeddable":true,"href":"https:\/\/tvbrazilusa.com\/pt\/wp-json\/wp\/v2\/comments?post=107659"}],"version-history":[{"count":1,"href":"https:\/\/tvbrazilusa.com\/pt\/wp-json\/wp\/v2\/posts\/107659\/revisions"}],"predecessor-version":[{"id":107661,"href":"https:\/\/tvbrazilusa.com\/pt\/wp-json\/wp\/v2\/posts\/107659\/revisions\/107661"}],"wp:featuredmedia":[{"embeddable":true,"href":"https:\/\/tvbrazilusa.com\/pt\/wp-json\/wp\/v2\/media\/107660"}],"wp:attachment":[{"href":"https:\/\/tvbrazilusa.com\/pt\/wp-json\/wp\/v2\/media?parent=107659"}],"wp:term":[{"taxonomy":"category","embeddable":true,"href":"https:\/\/tvbrazilusa.com\/pt\/wp-json\/wp\/v2\/categories?post=107659"},{"taxonomy":"post_tag","embeddable":true,"href":"https:\/\/tvbrazilusa.com\/pt\/wp-json\/wp\/v2\/tags?post=107659"}],"curies":[{"name":"wp","href":"https:\/\/api.w.org\/{rel}","templated":true}]}}