{"id":107662,"date":"2025-03-01T23:32:00","date_gmt":"2025-03-01T23:32:00","guid":{"rendered":"https:\/\/tvbrazilusa.com\/2025\/03\/01\/homem-e-preso-apos-tentativa-de-invasao-a-sede-do-stf\/"},"modified":"2025-03-01T23:32:02","modified_gmt":"2025-03-01T23:32:02","slug":"homem-e-preso-apos-tentativa-de-invasao-a-sede-do-stf","status":"publish","type":"post","link":"https:\/\/tvbrazilusa.com\/pt\/2025\/03\/01\/homem-e-preso-apos-tentativa-de-invasao-a-sede-do-stf\/","title":{"rendered":"Homem \u00e9 preso ap\u00f3s tentativa de invas\u00e3o \u00e0 sede do STF"},"content":{"rendered":"<p> <script async src=\"https:\/\/pagead2.googlesyndication.com\/pagead\/js\/adsbygoogle.js?client=ca-pub-8864793242727901\"\r\n     crossorigin=\"anonymous\"><\/script><br \/>\n<\/p>\n<div id=\"taboola-read-more\" style=\"display:block; width:100%\">\n<p>Um homem de 52 anos foi preso nesta sexta-feira (28), em Bras\u00edlia, por tentar invadir a sede do Supremo Tribunal Federal (STF).\n<\/p>\n<p>Ele pulou a cerca do tribunal e tentou entrar nas depend\u00eancias do tribunal na \u00faltima quarta-feira (26). O suspeito, que n\u00e3o teve sua identidade revelada, teria proferido \u201cdiversas amea\u00e7as, ofensas e hostiliza\u00e7\u00f5es a ministros do Supremo\u201d, de acordo com a Pol\u00edcia do Distrito Federal<\/p>\n<p>Dois dias ap\u00f3s a tentativa de invas\u00e3o, nesta sexta-feira, o acusado foi encontrado em sua resid\u00eancia, em Samambaia, Regi\u00e3o Metropolitana de Bras\u00edlia. As investiga\u00e7\u00f5es apontam para o planejamento de a\u00e7\u00f5es extremistas.\n<\/p>\n<p>Com informa\u00e7\u00f5es pleno news              <\/p>\n<\/div>\n<p><br \/>\n<br \/><a href=\"https:\/\/diariodobrasilnoticias.com.br\/noticia\/homem-e-preso-apos-tentativa-de-invasao-a-sede-do-stf-67c3877981749\">Source link <\/a><\/p>","protected":false},"excerpt":{"rendered":"<p>Um homem de 52 anos foi preso nesta sexta-feira (28), em Bras\u00edlia, por tentar invadir a sede do Supremo Tribunal Federal (STF). Ele pulou a cerca do tribunal e tentou&hellip;<\/p>","protected":false},"author":1,"featured_media":107663,"comment_status":"closed","ping_status":"open","sticky":false,"template":"","format":"standard","meta":{"content-type":"","footnotes":""},"categories":[16],"tags":[123,2448,5313,1267],"class_list":["post-107662","post","type-post","status-publish","format-standard","has-post-thumbnail","hentry","category-noticias","tag-brasil","tag-diario","tag-noticia","tag-noticias"],"_links":{"self":[{"href":"https:\/\/tvbrazilusa.com\/pt\/wp-json\/wp\/v2\/posts\/107662","targetHints":{"allow":["GET"]}}],"collection":[{"href":"https:\/\/tvbrazilusa.com\/pt\/wp-json\/wp\/v2\/posts"}],"about":[{"href":"https:\/\/tvbrazilusa.com\/pt\/wp-json\/wp\/v2\/types\/post"}],"author":[{"embeddable":true,"href":"https:\/\/tvbrazilusa.com\/pt\/wp-json\/wp\/v2\/users\/1"}],"replies":[{"embeddable":true,"href":"https:\/\/tvbrazilusa.com\/pt\/wp-json\/wp\/v2\/comments?post=107662"}],"version-history":[{"count":1,"href":"https:\/\/tvbrazilusa.com\/pt\/wp-json\/wp\/v2\/posts\/107662\/revisions"}],"predecessor-version":[{"id":107664,"href":"https:\/\/tvbrazilusa.com\/pt\/wp-json\/wp\/v2\/posts\/107662\/revisions\/107664"}],"wp:featuredmedia":[{"embeddable":true,"href":"https:\/\/tvbrazilusa.com\/pt\/wp-json\/wp\/v2\/media\/107663"}],"wp:attachment":[{"href":"https:\/\/tvbrazilusa.com\/pt\/wp-json\/wp\/v2\/media?parent=107662"}],"wp:term":[{"taxonomy":"category","embeddable":true,"href":"https:\/\/tvbrazilusa.com\/pt\/wp-json\/wp\/v2\/categories?post=107662"},{"taxonomy":"post_tag","embeddable":true,"href":"https:\/\/tvbrazilusa.com\/pt\/wp-json\/wp\/v2\/tags?post=107662"}],"curies":[{"name":"wp","href":"https:\/\/api.w.org\/{rel}","templated":true}]}}