{"id":107668,"date":"2025-03-02T00:06:38","date_gmt":"2025-03-02T00:06:38","guid":{"rendered":"https:\/\/tvbrazilusa.com\/2025\/03\/02\/waterbury-abre-em-marco-com-seu-desfile-anual-de-st-patricks-day\/"},"modified":"2025-03-02T00:21:21","modified_gmt":"2025-03-02T00:21:21","slug":"waterbury-abre-em-marco-com-seu-desfile-anual-de-st-patricks-day","status":"publish","type":"post","link":"https:\/\/tvbrazilusa.com\/pt\/2025\/03\/02\/waterbury-abre-em-marco-com-seu-desfile-anual-de-st-patricks-day\/","title":{"rendered":"Waterbury abre em mar\u00e7o com seu desfile anual de St. Patrick&#8217;s Day"},"content":{"rendered":"<script async src=\"https:\/\/pagead2.googlesyndication.com\/pagead\/js\/adsbygoogle.js?client=ca-pub-8864793242727901\"\r\n     crossorigin=\"anonymous\"><\/script>\n<p>WATERBURY, Connecticut (WTNH) &#8211; A cidade de Brass come\u00e7ou mar\u00e7o com um estrondo no s\u00e1bado com seu desfile anual de St. Patrick&#8217;s Day. <\/p>\n<p>Multid\u00f5es se reuniram no Washington Park House no s\u00e1bado \u00e0 tarde para o in\u00edcio do desfile organizado pelos amigos dos Hibernianos de Waterbury. <\/p>\n<p>O evento come\u00e7ou com uma bandeira e o hino nacional irland\u00eas. Ent\u00e3o, \u00e0s 13:00, os participantes, as moto e os carros aleg\u00f3ricos desceram pela Sylvan Avenue. <\/p>\n<p>David Ceccarelli, disse um participante, disse o News 8: \u201cMuitas pessoas apareceram. Eu gosto disso com as crian\u00e7as &#8230; voc\u00ea pode v\u00ea -lo re\u00fane pessoas juntas com comunidades e outras coisas. \u00c9 uma coisa boa de se ver. \u201d <\/p>\n<p>As autoridades acreditam que mais de 400 pessoas compareceram ao desfile no s\u00e1bado. Mais de uma d\u00fazia de ve\u00edculos e carros aleg\u00f3ricos diferentes estavam envolvidos. <\/p>\n<p><br \/>\n<br \/><a href=\"https:\/\/www.wtnh.com\/news\/connecticut\/new-haven\/waterbury-opens-march-with-their-annual-st-patricks-day-parade\/\">Source link <\/a><\/p>","protected":false},"excerpt":{"rendered":"<p>WATERBURY, Connecticut (WTNH) &#8211; A cidade de Brass come\u00e7ou mar\u00e7o com um estrondo no s\u00e1bado com seu desfile anual de St. Patrick&#8217;s Day. Multid\u00f5es se reuniram no Washington Park House&hellip;<\/p>","protected":false},"author":1,"featured_media":107669,"comment_status":"closed","ping_status":"open","sticky":false,"template":"","format":"standard","meta":{"content-type":"","footnotes":""},"categories":[1],"tags":[],"class_list":["post-107668","post","type-post","status-publish","format-standard","has-post-thumbnail","hentry","category-uncategorized"],"_links":{"self":[{"href":"https:\/\/tvbrazilusa.com\/pt\/wp-json\/wp\/v2\/posts\/107668","targetHints":{"allow":["GET"]}}],"collection":[{"href":"https:\/\/tvbrazilusa.com\/pt\/wp-json\/wp\/v2\/posts"}],"about":[{"href":"https:\/\/tvbrazilusa.com\/pt\/wp-json\/wp\/v2\/types\/post"}],"author":[{"embeddable":true,"href":"https:\/\/tvbrazilusa.com\/pt\/wp-json\/wp\/v2\/users\/1"}],"replies":[{"embeddable":true,"href":"https:\/\/tvbrazilusa.com\/pt\/wp-json\/wp\/v2\/comments?post=107668"}],"version-history":[{"count":1,"href":"https:\/\/tvbrazilusa.com\/pt\/wp-json\/wp\/v2\/posts\/107668\/revisions"}],"predecessor-version":[{"id":107670,"href":"https:\/\/tvbrazilusa.com\/pt\/wp-json\/wp\/v2\/posts\/107668\/revisions\/107670"}],"wp:featuredmedia":[{"embeddable":true,"href":"https:\/\/tvbrazilusa.com\/pt\/wp-json\/wp\/v2\/media\/107669"}],"wp:attachment":[{"href":"https:\/\/tvbrazilusa.com\/pt\/wp-json\/wp\/v2\/media?parent=107668"}],"wp:term":[{"taxonomy":"category","embeddable":true,"href":"https:\/\/tvbrazilusa.com\/pt\/wp-json\/wp\/v2\/categories?post=107668"},{"taxonomy":"post_tag","embeddable":true,"href":"https:\/\/tvbrazilusa.com\/pt\/wp-json\/wp\/v2\/tags?post=107668"}],"curies":[{"name":"wp","href":"https:\/\/api.w.org\/{rel}","templated":true}]}}