{"id":107688,"date":"2025-03-02T08:00:42","date_gmt":"2025-03-02T08:00:42","guid":{"rendered":"https:\/\/tvbrazilusa.com\/2025\/03\/02\/minha-busca-no-tapete-vermelho-uma-busca-de-dois-anos-por-steve\/"},"modified":"2025-03-02T08:03:26","modified_gmt":"2025-03-02T08:03:26","slug":"minha-busca-no-tapete-vermelho-uma-busca-de-dois-anos-por-steve","status":"publish","type":"post","link":"https:\/\/tvbrazilusa.com\/pt\/2025\/03\/02\/minha-busca-no-tapete-vermelho-uma-busca-de-dois-anos-por-steve\/","title":{"rendered":"Minha busca no tapete vermelho: uma busca de dois anos por Steve"},"content":{"rendered":"<p> <script async src=\"https:\/\/pagead2.googlesyndication.com\/pagead\/js\/adsbygoogle.js?client=ca-pub-8864793242727901\"\r\n     crossorigin=\"anonymous\"><\/script><br \/>\n<\/p>\n<div data-testid=\"companionColumn-0\">\n<div class=\"css-53u6y8\">\n<p class=\"css-798hid etfikam0\"><a class=\"css-yywogo\" href=\"https:\/\/www.nytimes.com\/series\/times-insider\" title=\"\">Times Insider<\/a> Explica quem somos e o que fazemos e entrega as id\u00e9ias dos bastidores sobre como nosso jornalismo se re\u00fane.<\/p>\n<p class=\"css-at9mc1 evys1bk0\">Steve Olive era minha baleia branca.<\/p>\n<p class=\"css-at9mc1 evys1bk0\">Eu estava tentando h\u00e1 dois anos escrever um <a class=\"css-yywogo\" href=\"https:\/\/www.nytimes.com\/2025\/02\/26\/style\/red-carpet-grammys-oscars-emmys.html\" title=\"\">Perfil do Sr. Olive<\/a>o co-fundador de <a class=\"css-yywogo\" href=\"https:\/\/www.instagram.com\/eventcarpetpros\/?hl=en\" title=\"\" rel=\"noopener noreferrer\" target=\"_blank\">Pros do tapete do evento<\/a>a empresa com sede na Calif\u00f3rnia, respons\u00e1vel por fazer a personaliza\u00e7\u00e3o do colorido, <a class=\"css-yywogo\" href=\"https:\/\/www.nytimes.com\/2023\/03\/10\/style\/oscars-red-carpet-champagne.html\" title=\"\">Embora nem sempre vermelho<\/a>tapetes para <a class=\"css-yywogo\" href=\"https:\/\/www.instagram.com\/p\/C9y-g-lxTPH\/?hl=en\" title=\"\" rel=\"noopener noreferrer\" target=\"_blank\">milhares de estreias de filmes<\/a>os Globos de Ouro, o Grammy Awards, o Super Bowl e, desde 1997, o Oscar.<\/p>\n<p class=\"css-at9mc1 evys1bk0\">Eu aprendi sobre o Sr. Olive em 2023, enquanto relatava um <a class=\"css-yywogo\" href=\"https:\/\/www.nytimes.com\/2023\/03\/10\/style\/oscars-red-carpet-champagne.html\" title=\"\">artigo sobre por que os organizadores do Oscar<\/a> estavam lan\u00e7ando um tapete cor de champanhe naquele ano. Minha editora, Katie Van Syckle, e eu t\u00ednhamos encontrado o site do Event Carpet Pros e nos revezamos chamando o n\u00famero listado em um esfor\u00e7o para alcan\u00e7ar algu\u00e9m. Finalmente, Katie se conectou com o Sr. Olive e o entrevistou brevemente.<\/p>\n<p class=\"css-at9mc1 evys1bk0\">Mas esse homem misterioso, pr\u00e1tico e discreto no cora\u00e7\u00e3o do brilho e o glamour da temporada de pr\u00eamios ficou em minha mente. Eu queria saber mais sobre ele. Como algu\u00e9m se torna um cara de tapete? O que ele queria ser quando crescesse? Ele j\u00e1 participou de um pr\u00eamio?<\/p>\n<p class=\"css-at9mc1 evys1bk0\">No ano passado, quando o Oscar <a class=\"css-yywogo\" href=\"https:\/\/www.nytimes.com\/2024\/03\/06\/style\/oscars-red-carpet.html\" title=\"\">voltou a um tapete vermelho cl\u00e1ssico<\/a>Katie e eu novamente concordamos que eu deveria seguir uma hist\u00f3ria sobre o Sr. Olive, mas ele hesitava. Mas este ano, com o incentivo da Academia de Artes e Ci\u00eancias Cinematogr\u00e1ficas, ele concordou. Passaram tr\u00eas semanas antes da cerim\u00f4nia.<\/p>\n<\/div>\n<aside class=\"css-ew4tgv\" aria-label=\"companion column\"\/><\/div>\n<div data-testid=\"companionColumn-1\">\n<div class=\"css-53u6y8\">\n<p class=\"css-at9mc1 evys1bk0\">Miss\u00e3o: Steve, como eu denominou, havia come\u00e7ado oficialmente.<\/p>\n<p class=\"css-at9mc1 evys1bk0\">Enviei uma enxurrada de textos fren\u00e9ticos e fiz v\u00e1rias liga\u00e7\u00f5es para Brooke Blumberg, um publicit\u00e1rio da Academia, tentando pregar quando o tapete, que era fabricado em uma f\u00e1brica em Dalton, Ge\u00f3rgia, chegaria ao armaz\u00e9m da empresa em La Mirada, Calif\u00f3rnia, uma cidade no condado de Los Angeles.<\/p>\n<p class=\"css-at9mc1 evys1bk0\">Meu objetivo era estar l\u00e1 quando os aproximadamente 30 rolos, cada um pesando 630 libras, eram descarregados no estacionamento do evento Pros de carpete, de um caminh\u00e3o que havia sido dirigido a cerca de 35 horas, de Dalton. A cena, imaginei, seria semelhante \u00e0 chegada da \u00e1rvore de Natal do Rockefeller Center em Nova York.<\/p>\n<\/div>\n<aside class=\"css-ew4tgv\" aria-label=\"companion column\"\/><\/div>\n<div data-testid=\"companionColumn-2\">\n<div class=\"css-53u6y8\">\n<p class=\"css-at9mc1 evys1bk0\">Apesar das minhas aberturas persistentes, Blumberg me informou que eu havia perdido minha chance. O caminh\u00e3o chegou ao armaz\u00e9m \u00e0 tarde antes de eu planejar voar para Los Angeles.<\/p>\n<p class=\"css-at9mc1 evys1bk0\">&#8220;Oh maldito!&#8221; Eu mandei uma mensagem para ela. \u201cEsperamos obter a instala\u00e7\u00e3o, no entanto!\u201d (Na semana anterior \u00e0 cerim\u00f4nia, o tapete de 50.000 p\u00e9s quadrados \u00e9 realizado por uma tripula\u00e7\u00e3o de 20 trabalhadores no Hollywood Boulevard.)<\/p>\n<\/div>\n<aside class=\"css-ew4tgv\" aria-label=\"companion column\"\/><\/div>\n<div data-testid=\"companionColumn-3\">\n<div class=\"css-53u6y8\">\n<p class=\"css-at9mc1 evys1bk0\">Minha pr\u00f3xima prioridade foi encontrar o Sr. Olive em seu escrit\u00f3rio. Mas ele teve gripe, ent\u00e3o me disseram que a entrevista pode precisar acontecer com uma videochamada. Ainda assim, Katie e eu pensamos que eu deveria ir \u00e0 Calif\u00f3rnia para capturar a cena. E eu queria conhecer seus colegas de trabalho, al\u00e9m de conversar com a pessoa que ordena o tapete vermelho para o Oscar do Sr. Olive a cada ano.<\/p>\n<p class=\"css-at9mc1 evys1bk0\">Quando finalmente tomei a decis\u00e3o de entrar em um avi\u00e3o, havia uma chance de eu n\u00e3o ter a oportunidade de conversar com o Sr. Olive pessoalmente nem de ver o tapete vermelho. Mas comprei um assento em um voo de quarta -feira \u00e0 tarde e esperava o melhor.<\/p>\n<p class=\"css-at9mc1 evys1bk0\">No meu primeiro dia em La Mirada, examinei o armaz\u00e9m de profissionais de carpete do evento, uma estrutura branca de 36.000 p\u00e9s quadrados escondida entre as palmeiras. Ent\u00e3o, na noite de quinta -feira, entrevistei Joe Lewis, produtor do Oscar que encomendou o tapete vermelho do Sr. Olive, do Sr. Olive, nos \u00faltimos 16 anos.<\/p>\n<p class=\"css-at9mc1 evys1bk0\">Na manh\u00e3 de sexta -feira, m\u00e1scara facial como precau\u00e7\u00e3o, visitei o Sr. Olive &#8211; agora en\u00e9rgico, sua luta com a gripe evidentemente uma mem\u00f3ria distante &#8211; em seu escrit\u00f3rio dentro do armaz\u00e9m.<\/p>\n<p class=\"css-at9mc1 evys1bk0\">Eu tive uma id\u00e9ia dele na minha cabe\u00e7a por dois anos e fiquei curioso para ver se ele combinava com o homem. Aos 1,80m, careca e vestida inteiramente de preto, ele estava de alguma forma exatamente como eu imaginava. Aprendi ele, um ex -guarda -costas de M\u00f6tley Cr\u00fce.<\/p>\n<\/div>\n<aside class=\"css-ew4tgv\" aria-label=\"companion column\"\/><\/div>\n<div data-testid=\"companionColumn-4\">\n<div class=\"css-53u6y8\">\n<p class=\"css-at9mc1 evys1bk0\">Ele entrou no neg\u00f3cio do tapete vermelho em 1992, com seu cunhado, que instalou tendas em todo o pa\u00eds. Eu conheci o filho de 26 anos do Sr. Olive, Nick, e seus colegas de trabalho, que me disseram a mesma coisa: este \u00e9 um homem que n\u00e3o quer, ou precisa dos holofotes; Ele est\u00e1 feliz em fazer outras pessoas felizes.<\/p>\n<p class=\"css-at9mc1 evys1bk0\">&#8220;Eu n\u00e3o sou bom nisso&#8221;, disse Olive, enquanto tentava desajeitadamente seguir as instru\u00e7\u00f5es de nossa fot\u00f3grafa, Jennelle Fong, no que deve ter sido sua primeira sess\u00e3o de fotos, enquanto estava no tapete vermelho do Oscar.<\/p>\n<p class=\"css-at9mc1 evys1bk0\">Um pouco t\u00edmido, levou algum tempo para se abrir. E ele nunca estava realmente interessado em discutir a si mesmo ou a seus dias como guarda -costas, para algumas das bandas mais quentes dos anos 80. &#8220;Eu n\u00e3o sou interessante&#8221;, ele me disse.<\/p>\n<p class=\"css-at9mc1 evys1bk0\">Mas eu o observei se tornando mais confort\u00e1vel quando a conversa se voltou para sua for\u00e7a vital: tapetes. Ele adorava falar sobre suas colabora\u00e7\u00f5es favoritas ao longo dos anos &#8211; tudo meticulosamente documentado na empresa <a class=\"css-yywogo\" href=\"https:\/\/www.instagram.com\/eventcarpetpros\/?hl=en\" title=\"\" rel=\"noopener noreferrer\" target=\"_blank\">Conta do Instagram<\/a>que ele criou em 2013 &#8211; e compartilhando fotos de seu cachorro, Olive.<\/p>\n<p class=\"css-at9mc1 evys1bk0\">&#8220;Voc\u00ea vai me fazer parecer bem, certo?&#8221; Ele perguntou uma hora e meia depois, enquanto nos separamos. Prometi enviar a ele uma c\u00f3pia do artigo depois que ele foi publicado.<\/p>\n<\/div>\n<aside class=\"css-ew4tgv\" aria-label=\"companion column\"\/><\/div>\n<div data-testid=\"companionColumn-5\">\n<div class=\"css-53u6y8\">\n<p class=\"css-at9mc1 evys1bk0\">No fim de semana, foi uma disputa fren\u00e9tica para escrever meu artigo. Eu queria capturar n\u00e3o apenas a personalidade do Sr. Olive, mas tamb\u00e9m o escopo e a escala do moderno \u201ctapete vermelho\u201d, n\u00e3o apenas como uma plataforma para a moda, mas como uma oportunidade de marca pessoal para celebridades. Eu queria que as pessoas entendessem por que o que o Sr. Olive estava fazendo importava.<\/p>\n<p class=\"css-at9mc1 evys1bk0\">Eu enviei meu artigo na segunda -feira de manh\u00e3; Fong fotografou a instala\u00e7\u00e3o do tapete vermelho no Hollywood Boulevard na ter\u00e7a -feira; E n\u00f3s tivemos o <a class=\"css-yywogo\" href=\"https:\/\/www.nytimes.com\/2025\/02\/26\/style\/red-carpet-grammys-oscars-emmys.html\" title=\"\">hist\u00f3ria pronta para ir para a quarta -feira \u00e0 tarde<\/a>quando o tapete seria lan\u00e7ado.<\/p>\n<p class=\"css-at9mc1 evys1bk0\">N\u00e3o recebi meu momento de chegada de \u00e1rvore de Natal do Rockefeller Center. Mas eu testemunhei algo ainda melhor: um homem despretensioso, que n\u00e3o queria nem precisava de reconhecimento, compartilhando sua alegria com sua paix\u00e3o de d\u00e9cadas.<\/p>\n<\/div>\n<aside class=\"css-ew4tgv\" aria-label=\"companion column\"\/><\/div>\n<p><script async src=\"\/\/www.instagram.com\/embed.js\"><\/script><br \/>\n<br \/><br \/>\n<br \/><a href=\"https:\/\/www.nytimes.com\/2025\/03\/02\/insider\/oscars-red-carpet.html\">Source link <\/a><\/p>","protected":false},"excerpt":{"rendered":"<p>Times Insider Explica quem somos e o que fazemos e entrega as id\u00e9ias dos bastidores sobre como nosso jornalismo se re\u00fane. Steve Olive era minha baleia branca. Eu estava tentando&hellip;<\/p>","protected":false},"author":1,"featured_media":107689,"comment_status":"closed","ping_status":"open","sticky":false,"template":"","format":"standard","meta":{"content-type":"","footnotes":""},"categories":[1],"tags":[33151,1226,33128,33129,33130,6279,33131,33135,33133,33134,32766],"class_list":["post-107688","post","type-post","status-publish","format-standard","has-post-thumbnail","hentry","category-uncategorized","tag-academia-oscar-oscars","tag-california","tag-condado-de-los-angeles-california","tag-emmy-awards","tag-fabricas-e-fabricacao","tag-georgia","tag-globo-de-ouro-premios","tag-marvel-entertainment","tag-super-bowl","tag-tapetes-e-tapetes","tag-tipo-de-conteudo-perfil-pessoal"],"_links":{"self":[{"href":"https:\/\/tvbrazilusa.com\/pt\/wp-json\/wp\/v2\/posts\/107688","targetHints":{"allow":["GET"]}}],"collection":[{"href":"https:\/\/tvbrazilusa.com\/pt\/wp-json\/wp\/v2\/posts"}],"about":[{"href":"https:\/\/tvbrazilusa.com\/pt\/wp-json\/wp\/v2\/types\/post"}],"author":[{"embeddable":true,"href":"https:\/\/tvbrazilusa.com\/pt\/wp-json\/wp\/v2\/users\/1"}],"replies":[{"embeddable":true,"href":"https:\/\/tvbrazilusa.com\/pt\/wp-json\/wp\/v2\/comments?post=107688"}],"version-history":[{"count":1,"href":"https:\/\/tvbrazilusa.com\/pt\/wp-json\/wp\/v2\/posts\/107688\/revisions"}],"predecessor-version":[{"id":107690,"href":"https:\/\/tvbrazilusa.com\/pt\/wp-json\/wp\/v2\/posts\/107688\/revisions\/107690"}],"wp:featuredmedia":[{"embeddable":true,"href":"https:\/\/tvbrazilusa.com\/pt\/wp-json\/wp\/v2\/media\/107689"}],"wp:attachment":[{"href":"https:\/\/tvbrazilusa.com\/pt\/wp-json\/wp\/v2\/media?parent=107688"}],"wp:term":[{"taxonomy":"category","embeddable":true,"href":"https:\/\/tvbrazilusa.com\/pt\/wp-json\/wp\/v2\/categories?post=107688"},{"taxonomy":"post_tag","embeddable":true,"href":"https:\/\/tvbrazilusa.com\/pt\/wp-json\/wp\/v2\/tags?post=107688"}],"curies":[{"name":"wp","href":"https:\/\/api.w.org\/{rel}","templated":true}]}}