{"id":10786,"date":"2024-07-28T19:51:12","date_gmt":"2024-07-28T19:51:12","guid":{"rendered":"https:\/\/tvbrazilusa.com\/2024\/07\/28\/monica-bergamo-expoe-print-que-mostra-assessoria-de-janja-mentindo-sobre-reforma-no-palacio-do-planalto-paulo-figueiredo\/"},"modified":"2024-07-28T22:13:11","modified_gmt":"2024-07-28T22:13:11","slug":"monica-bergamo-expoe-print-que-mostra-assessoria-de-janja-mentindo-sobre-reforma-no-palacio-do-planalto-paulo-figueiredo","status":"publish","type":"post","link":"https:\/\/tvbrazilusa.com\/pt\/2024\/07\/28\/monica-bergamo-expoe-print-que-mostra-assessoria-de-janja-mentindo-sobre-reforma-no-palacio-do-planalto-paulo-figueiredo\/","title":{"rendered":"M\u00f4nica B\u00e9rgamo, exp\u00f5e print que mostra assessoria de Janja mentindo sobre reforma no Pal\u00e1cio do Planalto &#8211; Paulo Figueiredo"},"content":{"rendered":"<p> <script async src=\"https:\/\/pagead2.googlesyndication.com\/pagead\/js\/adsbygoogle.js?client=ca-pub-8864793242727901\"\r\n     crossorigin=\"anonymous\"><\/script><br \/>\n<\/p>\n<div id=\"wtr-content\" data-bg=\"#FFFFFF\" data-fg=\"#006d91\" data-width=\"25\" data-mute=\"1\" data-fgopacity=\"1.00\" data-mutedopacity=\"0.5\" data-placement=\"bottom\" data-placement-offset=\"0\" data-content-offset=\"262\" data-placement-touch=\"bottom\" data-placement-offset-touch=\"0\" data-transparent=\"\" data-shadow=\"0\" data-touch=\"1\" data-non-touch=\"1\" data-comments=\"0\" data-commentsbg=\"transparent\" data-location=\"page\" data-mutedfg=\"#006d91\" data-endfg=\"#006d91\" data-rtl=\"\">\n<p class=\"has-small-font-size\">Foto \u2013 F\u00e1tima Meira<\/p>\n<h3 class=\"wp-block-heading\">A reforma do terceiro andar do Planalto tornou-se motivo de disc\u00f3rdia entre a jornalista M\u00f4nica B\u00e9rgamo, da Folha, e a primeira-dama, Janja<\/h3>\n<p>A reforma do terceiro andar do Pal\u00e1cio do Planalto tornou-se motivo de disc\u00f3rdia entre a jornalista M\u00f4nica B\u00e9rgamo, da\u00a0<em>Folha de S.Paulo<\/em>, e a primeira-dama, Janja.<\/p>\n<p>Em publica\u00e7\u00e3o no Twitter\/X, na sexta-feira 26, a jornalista exp\u00f5e um\u00a0<em>print<\/em>\u00a0que mostra algumas trocas de mensagens entre ela e a assessoria da primeira-dama. Na conversa, M\u00f4nica B\u00e9rgamo pergunta se haveria reforma no terceiro andar do Planalto, que teria o objetivo de ampliar a sala de Janja. A resposta \u00e9 negativa.<\/p>\n<p>\u201cN\u00e3o h\u00e1 projeto de reforma para o terceiro andar\u201d, diz a assessoria. \u201cTem, sim\u201d, rebate a jornalista. \u201cAs pessoas j\u00e1 foram avisadas. Inclusive no cerimonial. S\u00e3o coisas recentes.\u201d<\/p>\n<figure class=\"wp-block-embed is-type-rich is-provider-twitter wp-block-embed-twitter\">\n<div class=\"wp-block-embed__wrapper\">\n<blockquote class=\"twitter-tweet\" data-width=\"550\" data-dnt=\"true\">\n<p lang=\"pt\" dir=\"ltr\">Janja: sabe o que acontece qdo. uma jornalista (eu) recebe a informa\u00e7\u00e3o de q. haver\u00e1 reforma p que a 1a dama amplie sua sala no Pal\u00e1cio? Ela procura a assessoria. Recebe a resposta abaixo. Ela acredita. N\u00e3o publica. Semanas depois\u2026 BINGO. Vai ter nova sala. D\u00e1 pra confiar?\ud83d\udc47\ud83c\udffb <a href=\"https:\/\/t.co\/CldLXYm4wo\">pic.twitter.com\/CldLXYm4wo<\/a><\/p>\n<p>\u2014 M\u00f4nica Bergamo (@monicabergamo) <a href=\"https:\/\/twitter.com\/monicabergamo\/status\/1816916518732726663?ref_src=twsrc%5Etfw\">July 26, 2024<\/a><\/p><\/blockquote>\n<\/div>\n<\/figure>\n<p>Ao comentar o assunto, M\u00f4nica B\u00e9rgamo p\u00f5e em xeque a honestidade da primeira-dama. \u201cJanja, sabe o que acontece quando uma jornalista recebe a informa\u00e7\u00e3o de que haver\u00e1 reforma para que a primeira-dama amplie sua sala no Pal\u00e1cio?\u201d, pergunta. \u201cEla procura a assessoria. Recebe a resposta abaixo. Ela acredita. N\u00e3o publica. Semanas depois\u2026 Bingo. Vai ter nova sala. D\u00e1 para confiar?\u201d<\/p>\n<h2 class=\"wp-block-heading\"><strong>A reforma na sala de Janja<\/strong><\/h2>\n<p>Com a reforma, profissionais de outras tr\u00eas \u00e1reas que d\u00e3o assist\u00eancia ao presidente Luiz In\u00e1cio Lula da Silva foram impactados. Seus espa\u00e7os foram reduzidos.<\/p>\n<p>Um conselheiro de Celso Amorim, cujo nome n\u00e3o foi revelado, foi deslocado. Outros dois funcion\u00e1rios do governo perderam espa\u00e7o: Fernando Igreja, chefe do cerimonial da Presid\u00eancia; e Clara Ant, assessora especial de Apoio ao Processo Decis\u00f3rio.<\/p>\n<h2 class=\"wp-block-heading\">Os gastos da primeira-dama com reformas e m\u00f3veis<\/h2>\n<p>Quase uma semana depois da posse de Lula, Janja chamou a maior emissora de televis\u00e3o do pa\u00eds para denunciar o que seria uma falta de conserva\u00e7\u00e3o do Pal\u00e1cio da Alvorada pelo governo Jair Bolsonaro.<\/p>\n<p>\u201cO que a gente percebe \u00e9 que n\u00e3o teve cuidado, manuten\u00e7\u00e3o\u201d, denunciou a primeira-dama para a TV Globo. No ar, Janja chegou a acusar a gest\u00e3o anterior de ter \u201cfurtado\u201d alguns m\u00f3veis.<\/p>\n<p>Passados alguns dias, ficou evidente o que a primeira-dama pretendia: justificar os gastos exorbitantes que estavam por vir com a compra da nova mob\u00edlia.<\/p>\n<h2 class=\"wp-block-heading\" id=\"h-confira-a-lista-de-compras-de-lula-e-janja\">Confira a lista de compras<\/h2>\n<ul class=\"wp-block-list\">\n<li>Tapete (segundo a Secretaria de Comunica\u00e7\u00e3o, a tape\u00e7aria oriental que existia nos pal\u00e1cios n\u00e3o trazia \u201ca brasilidade necess\u00e1ria\u201d ao espa\u00e7o): R$ 114 mil<\/li>\n<li>Sof\u00e1 reclin\u00e1vel comprado sem licita\u00e7\u00e3o: R$ 65 mil<\/li>\n<li>Cama de couro de gr\u00e3o natural: R$ 42 mil<\/li>\n<li>Mesa: R$ 36 mil<\/li>\n<li>Tr\u00eas poltronas: R$ 29 mil<\/li>\n<li>Enxoval completo: R$ 131 mil<\/li>\n<li>Persianas e cortinas: R$ 202 mil\u00a0<\/li>\n<li>Troca do piso da Granja do Torto por um vin\u00edlico, \u201cmais macio e confort\u00e1vel\u201d: R$ 156 mil\u00a0<\/li>\n<\/ul>\n<p>Total de gastos com reformas e compras de m\u00f3veis: quase R$ 30 milh\u00f5es. Tudo bancado com o dinheiro dos pagadores de impostos.<\/p>\n<p>O novo mobili\u00e1rio confirmou a frase dita por Lula em 2022, durante a campanha eleitoral: \u201cGosto de coisa boa, quero comer bem, quero morar bem, quero viver bem\u201d. Os m\u00f3veis que supostamente haviam sido furtados por Jair e Michelle Bolsonaro foram \u201cmagicamente\u201d encontrados em uma sala do pr\u00f3prio Pal\u00e1cio do Planalto, no in\u00edcio deste ano.\u00a0<\/p>\n<p>As mudan\u00e7as nos im\u00f3veis p\u00fablicos por Lula n\u00e3o s\u00e3o novidade. Em seu primeiro mandato, o petista deixou claro que trataria o patrim\u00f4nio p\u00fablico como privado. Em 2004, sua ent\u00e3o mulher, Marisa Let\u00edcia, plantou um canteiro de s\u00e1lvias vermelhas em formato de estrela no jardim do Pal\u00e1cio da Alvorada. O plantio fazia alus\u00e3o \u00e0 estrela do Partido dos Trabalhadores (PT), em um jardim tombado pela Uni\u00e3o.<\/p>\n<p><strong><a href=\"https:\/\/www.aliadosbrasiloficial.com.br\/noticia\/monica-bergamo-da-folha-expoe-print-que-mostra-assessoria-de-janja-mentindo-sobre-reforma-no-palacio-do-planalto\">Source link<\/a><\/strong><\/p>\n<\/div>\n<p><script async src=\"\/\/platform.twitter.com\/widgets.js\" charset=\"utf-8\"><\/script><br \/>\n<br \/><br \/>\n<br \/><a href=\"https:\/\/paulofigueiredoshow.com\/monica-bergamo-expoe-print-que-mostra-assessoria-de-janja-mentindo-sobre-reforma-no-palacio-do-planalto\/\">Source link <\/a><\/p>","protected":false},"excerpt":{"rendered":"<p>Foto \u2013 F\u00e1tima Meira A reforma do terceiro andar do Planalto tornou-se motivo de disc\u00f3rdia entre a jornalista M\u00f4nica B\u00e9rgamo, da Folha, e a primeira-dama, Janja A reforma do terceiro&hellip;<\/p>","protected":false},"author":1,"featured_media":10787,"comment_status":"closed","ping_status":"open","sticky":false,"template":"","format":"standard","meta":{"content-type":"","footnotes":""},"categories":[16],"tags":[3523,652,1487,3524,3525,659,3526],"class_list":["post-10786","post","type-post","status-publish","format-standard","has-post-thumbnail","hentry","category-noticias","tag-impacoto","tag-janja","tag-jornalista","tag-rebate","tag-reducao","tag-reforma","tag-valor"],"_links":{"self":[{"href":"https:\/\/tvbrazilusa.com\/pt\/wp-json\/wp\/v2\/posts\/10786","targetHints":{"allow":["GET"]}}],"collection":[{"href":"https:\/\/tvbrazilusa.com\/pt\/wp-json\/wp\/v2\/posts"}],"about":[{"href":"https:\/\/tvbrazilusa.com\/pt\/wp-json\/wp\/v2\/types\/post"}],"author":[{"embeddable":true,"href":"https:\/\/tvbrazilusa.com\/pt\/wp-json\/wp\/v2\/users\/1"}],"replies":[{"embeddable":true,"href":"https:\/\/tvbrazilusa.com\/pt\/wp-json\/wp\/v2\/comments?post=10786"}],"version-history":[{"count":1,"href":"https:\/\/tvbrazilusa.com\/pt\/wp-json\/wp\/v2\/posts\/10786\/revisions"}],"predecessor-version":[{"id":10788,"href":"https:\/\/tvbrazilusa.com\/pt\/wp-json\/wp\/v2\/posts\/10786\/revisions\/10788"}],"wp:featuredmedia":[{"embeddable":true,"href":"https:\/\/tvbrazilusa.com\/pt\/wp-json\/wp\/v2\/media\/10787"}],"wp:attachment":[{"href":"https:\/\/tvbrazilusa.com\/pt\/wp-json\/wp\/v2\/media?parent=10786"}],"wp:term":[{"taxonomy":"category","embeddable":true,"href":"https:\/\/tvbrazilusa.com\/pt\/wp-json\/wp\/v2\/categories?post=10786"},{"taxonomy":"post_tag","embeddable":true,"href":"https:\/\/tvbrazilusa.com\/pt\/wp-json\/wp\/v2\/tags?post=10786"}],"curies":[{"name":"wp","href":"https:\/\/api.w.org\/{rel}","templated":true}]}}