{"id":108217,"date":"2025-03-04T16:06:04","date_gmt":"2025-03-04T16:06:04","guid":{"rendered":"https:\/\/tvbrazilusa.com\/2025\/03\/04\/jornal-afirma-que-russia-convidou-israel-para-o-desfile-do-dia-da-vitoria\/"},"modified":"2025-03-04T16:06:09","modified_gmt":"2025-03-04T16:06:09","slug":"jornal-afirma-que-russia-convidou-israel-para-o-desfile-do-dia-da-vitoria","status":"publish","type":"post","link":"https:\/\/tvbrazilusa.com\/pt\/2025\/03\/04\/jornal-afirma-que-russia-convidou-israel-para-o-desfile-do-dia-da-vitoria\/","title":{"rendered":"Jornal afirma que R\u00fassia convidou Israel para o desfile do Dia da Vit\u00f3ria"},"content":{"rendered":"<p> <script async src=\"https:\/\/pagead2.googlesyndication.com\/pagead\/js\/adsbygoogle.js?client=ca-pub-8864793242727901\"\r\n     crossorigin=\"anonymous\"><\/script><br \/>\n<\/p>\n<div id=\"taboola-read-more\" style=\"display:block; width:100%\">\n<p>A R\u00fassia convidou Israel para seu tradicional desfile anual do Dia da Vit\u00f3ria. A data celebra a vit\u00f3ria da Uni\u00e3o Sovi\u00e9tica sobre a Alemanha nazista na 2\u00aa Guerra Mundial. O evento ser\u00e1 realizado na Pra\u00e7a Vermelha, em Moscou, em 9 de maio. As informa\u00e7\u00f5es s\u00e3o do Ynetnews.\n<\/p>\n<p>Segundo o jornal, por\u00e9m, o primeiro-ministro de Israel, Benjamin Netanyahu, n\u00e3o deve participar do evento. O pa\u00eds deve ser representado por sua embaixadora na R\u00fassia, Simona Halperin.<\/p>\n<p>A R\u00fassia optou por n\u00e3o convidar Estados que considera por ela \u201chostis\u201d, como Alemanha, Ucr\u00e2nia, \u00c1ustria, B\u00e9lgica, Dinamarca, Irlanda, It\u00e1lia, Pol\u00f4nia, Rom\u00eania, Fran\u00e7a, Reino Unido, Canad\u00e1 e Jap\u00e3o.\n<\/p>\n<p>Segundo o Ynetnews, o presidente dos EUA, Donald Trump (Republicano), tamb\u00e9m n\u00e3o recebeu um convite, mas o Kremlin fez um convite separado para uma futura visita \u00e0 R\u00fassia.\n<\/p>\n<p>O presidente Luiz In\u00e1cio Lula da Silva (PT), o l\u00edder da China, Xi Jinping, e o presidente de Belarus, Alexander Lukashenko, foram convidados, mas ainda n\u00e3o confirmaram presen\u00e7a, segundo o jornal israelense. O presidente da S\u00e9rvia, Aleksandar Vu\u010di\u0107, e o primeiro-ministro da Eslov\u00e1quia, Robert Fico, j\u00e1 confirmaram.<\/p>\n<p>Fonte: Poder360              <\/p>\n<\/div>\n<p><br \/>\n<br \/><a href=\"https:\/\/diariodobrasilnoticias.com.br\/noticia\/jornal-afirma-que-russia-convidou-israel-para-o-desfile-do-dia-da-vitoria-67c7050f5ebea\">Source link <\/a><\/p>","protected":false},"excerpt":{"rendered":"<p>A R\u00fassia convidou Israel para seu tradicional desfile anual do Dia da Vit\u00f3ria. A data celebra a vit\u00f3ria da Uni\u00e3o Sovi\u00e9tica sobre a Alemanha nazista na 2\u00aa Guerra Mundial. O&hellip;<\/p>","protected":false},"author":1,"featured_media":108218,"comment_status":"closed","ping_status":"open","sticky":false,"template":"","format":"standard","meta":{"content-type":"","footnotes":""},"categories":[16],"tags":[123,2448,5313,1267],"class_list":["post-108217","post","type-post","status-publish","format-standard","has-post-thumbnail","hentry","category-noticias","tag-brasil","tag-diario","tag-noticia","tag-noticias"],"_links":{"self":[{"href":"https:\/\/tvbrazilusa.com\/pt\/wp-json\/wp\/v2\/posts\/108217","targetHints":{"allow":["GET"]}}],"collection":[{"href":"https:\/\/tvbrazilusa.com\/pt\/wp-json\/wp\/v2\/posts"}],"about":[{"href":"https:\/\/tvbrazilusa.com\/pt\/wp-json\/wp\/v2\/types\/post"}],"author":[{"embeddable":true,"href":"https:\/\/tvbrazilusa.com\/pt\/wp-json\/wp\/v2\/users\/1"}],"replies":[{"embeddable":true,"href":"https:\/\/tvbrazilusa.com\/pt\/wp-json\/wp\/v2\/comments?post=108217"}],"version-history":[{"count":1,"href":"https:\/\/tvbrazilusa.com\/pt\/wp-json\/wp\/v2\/posts\/108217\/revisions"}],"predecessor-version":[{"id":108219,"href":"https:\/\/tvbrazilusa.com\/pt\/wp-json\/wp\/v2\/posts\/108217\/revisions\/108219"}],"wp:featuredmedia":[{"embeddable":true,"href":"https:\/\/tvbrazilusa.com\/pt\/wp-json\/wp\/v2\/media\/108218"}],"wp:attachment":[{"href":"https:\/\/tvbrazilusa.com\/pt\/wp-json\/wp\/v2\/media?parent=108217"}],"wp:term":[{"taxonomy":"category","embeddable":true,"href":"https:\/\/tvbrazilusa.com\/pt\/wp-json\/wp\/v2\/categories?post=108217"},{"taxonomy":"post_tag","embeddable":true,"href":"https:\/\/tvbrazilusa.com\/pt\/wp-json\/wp\/v2\/tags?post=108217"}],"curies":[{"name":"wp","href":"https:\/\/api.w.org\/{rel}","templated":true}]}}