{"id":108238,"date":"2025-03-04T17:16:19","date_gmt":"2025-03-04T17:16:19","guid":{"rendered":"https:\/\/tvbrazilusa.com\/2025\/03\/04\/policial-militar-nao-se-aguenta-e-comeca-a-dancar-na-rua-veja-video\/"},"modified":"2025-03-04T17:16:21","modified_gmt":"2025-03-04T17:16:21","slug":"policial-militar-nao-se-aguenta-e-comeca-a-dancar-na-rua-veja-video","status":"publish","type":"post","link":"https:\/\/tvbrazilusa.com\/pt\/2025\/03\/04\/policial-militar-nao-se-aguenta-e-comeca-a-dancar-na-rua-veja-video\/","title":{"rendered":"Policial Militar n\u00e3o se aguenta e come\u00e7a a dan\u00e7ar na rua; VEJA V\u00cdDEO"},"content":{"rendered":"<p> <script async src=\"https:\/\/pagead2.googlesyndication.com\/pagead\/js\/adsbygoogle.js?client=ca-pub-8864793242727901\"\r\n     crossorigin=\"anonymous\"><\/script><br \/>\n<\/p>\n<div id=\"taboola-read-more\" style=\"display:block; width:100%\">\n<p>A divers\u00e3o tomou conta das ruas quando um policial militar, durante seu turno, n\u00e3o resistiu e come\u00e7ou a dan\u00e7ar. O momento de descontra\u00e7\u00e3o foi filmado e rapidamente viralizou, gerando uma onda de rea\u00e7\u00f5es nas redes sociais.\n<\/p>\n<p>ASSISTA:<\/p>\n<p>Fonte: Reprodu\u00e7\u00e3o\/Redes Sociais              <\/p>\n<\/div>\n<p><br \/>\n<br \/><a href=\"https:\/\/diariodobrasilnoticias.com.br\/noticia\/policial-militar-nao-se-aguenta-e-comeca-a-dancar-na-rua-veja-video-67c70bad99160\">Source link <\/a><\/p>","protected":false},"excerpt":{"rendered":"<p>A divers\u00e3o tomou conta das ruas quando um policial militar, durante seu turno, n\u00e3o resistiu e come\u00e7ou a dan\u00e7ar. O momento de descontra\u00e7\u00e3o foi filmado e rapidamente viralizou, gerando uma&hellip;<\/p>","protected":false},"author":1,"featured_media":108239,"comment_status":"closed","ping_status":"open","sticky":false,"template":"","format":"standard","meta":{"content-type":"","footnotes":""},"categories":[16],"tags":[123,2448,5313,1267],"class_list":["post-108238","post","type-post","status-publish","format-standard","has-post-thumbnail","hentry","category-noticias","tag-brasil","tag-diario","tag-noticia","tag-noticias"],"_links":{"self":[{"href":"https:\/\/tvbrazilusa.com\/pt\/wp-json\/wp\/v2\/posts\/108238","targetHints":{"allow":["GET"]}}],"collection":[{"href":"https:\/\/tvbrazilusa.com\/pt\/wp-json\/wp\/v2\/posts"}],"about":[{"href":"https:\/\/tvbrazilusa.com\/pt\/wp-json\/wp\/v2\/types\/post"}],"author":[{"embeddable":true,"href":"https:\/\/tvbrazilusa.com\/pt\/wp-json\/wp\/v2\/users\/1"}],"replies":[{"embeddable":true,"href":"https:\/\/tvbrazilusa.com\/pt\/wp-json\/wp\/v2\/comments?post=108238"}],"version-history":[{"count":1,"href":"https:\/\/tvbrazilusa.com\/pt\/wp-json\/wp\/v2\/posts\/108238\/revisions"}],"predecessor-version":[{"id":108240,"href":"https:\/\/tvbrazilusa.com\/pt\/wp-json\/wp\/v2\/posts\/108238\/revisions\/108240"}],"wp:featuredmedia":[{"embeddable":true,"href":"https:\/\/tvbrazilusa.com\/pt\/wp-json\/wp\/v2\/media\/108239"}],"wp:attachment":[{"href":"https:\/\/tvbrazilusa.com\/pt\/wp-json\/wp\/v2\/media?parent=108238"}],"wp:term":[{"taxonomy":"category","embeddable":true,"href":"https:\/\/tvbrazilusa.com\/pt\/wp-json\/wp\/v2\/categories?post=108238"},{"taxonomy":"post_tag","embeddable":true,"href":"https:\/\/tvbrazilusa.com\/pt\/wp-json\/wp\/v2\/tags?post=108238"}],"curies":[{"name":"wp","href":"https:\/\/api.w.org\/{rel}","templated":true}]}}