{"id":108249,"date":"2025-03-04T17:53:23","date_gmt":"2025-03-04T17:53:23","guid":{"rendered":"https:\/\/tvbrazilusa.com\/2025\/03\/04\/uma-pessoa-morreu-e-outras-14-ficam-baleadas-durante-bloco-de-carnaval-veja-video\/"},"modified":"2025-03-04T17:53:24","modified_gmt":"2025-03-04T17:53:24","slug":"uma-pessoa-morreu-e-outras-14-ficam-baleadas-durante-bloco-de-carnaval-veja-video","status":"publish","type":"post","link":"https:\/\/tvbrazilusa.com\/pt\/2025\/03\/04\/uma-pessoa-morreu-e-outras-14-ficam-baleadas-durante-bloco-de-carnaval-veja-video\/","title":{"rendered":"Uma pessoa morreu e outras 14 ficam baleadas durante bloco de carnaval; VEJA V\u00cdDEO"},"content":{"rendered":"<p> <script async src=\"https:\/\/pagead2.googlesyndication.com\/pagead\/js\/adsbygoogle.js?client=ca-pub-8864793242727901\"\r\n     crossorigin=\"anonymous\"><\/script><br \/>\n<\/p>\n<div id=\"taboola-read-more\" style=\"display:block; width:100%\">\n<p>Uma mulher morreu e 14 pessoas foram baleadas durante um bloco de carnaval em Rio Pomba, a 250 km de Belo Horizonte, no final da noite desta segunda-feira (03).<\/p>\n<p>Segundo a Pol\u00edcia Militar, os tiros foram disparados por um homem, de 26 anos, que foi preso. Ainda n\u00e3o se sabe o que teria motivados os tiros. O autor tem v\u00e1rias passagens pelo sistema prisional e estava em liberdade h\u00e1 um ano.\n<\/p>\n<p>ASSISTA:<\/p>\n<p>Fonte: R7              <\/p>\n<\/div>\n<p><br \/>\n<br \/><a href=\"https:\/\/diariodobrasilnoticias.com.br\/noticia\/uma-pessoa-morreu-e-outras-14-ficam-baleadas-durante-bloco-de-carnaval-veja-video-67c7113bc18b0\">Source link <\/a><\/p>","protected":false},"excerpt":{"rendered":"<p>Uma mulher morreu e 14 pessoas foram baleadas durante um bloco de carnaval em Rio Pomba, a 250 km de Belo Horizonte, no final da noite desta segunda-feira (03). Segundo&hellip;<\/p>","protected":false},"author":1,"featured_media":108250,"comment_status":"closed","ping_status":"open","sticky":false,"template":"","format":"standard","meta":{"content-type":"","footnotes":""},"categories":[16],"tags":[123,2448,5313,1267],"class_list":["post-108249","post","type-post","status-publish","format-standard","has-post-thumbnail","hentry","category-noticias","tag-brasil","tag-diario","tag-noticia","tag-noticias"],"_links":{"self":[{"href":"https:\/\/tvbrazilusa.com\/pt\/wp-json\/wp\/v2\/posts\/108249","targetHints":{"allow":["GET"]}}],"collection":[{"href":"https:\/\/tvbrazilusa.com\/pt\/wp-json\/wp\/v2\/posts"}],"about":[{"href":"https:\/\/tvbrazilusa.com\/pt\/wp-json\/wp\/v2\/types\/post"}],"author":[{"embeddable":true,"href":"https:\/\/tvbrazilusa.com\/pt\/wp-json\/wp\/v2\/users\/1"}],"replies":[{"embeddable":true,"href":"https:\/\/tvbrazilusa.com\/pt\/wp-json\/wp\/v2\/comments?post=108249"}],"version-history":[{"count":1,"href":"https:\/\/tvbrazilusa.com\/pt\/wp-json\/wp\/v2\/posts\/108249\/revisions"}],"predecessor-version":[{"id":108251,"href":"https:\/\/tvbrazilusa.com\/pt\/wp-json\/wp\/v2\/posts\/108249\/revisions\/108251"}],"wp:featuredmedia":[{"embeddable":true,"href":"https:\/\/tvbrazilusa.com\/pt\/wp-json\/wp\/v2\/media\/108250"}],"wp:attachment":[{"href":"https:\/\/tvbrazilusa.com\/pt\/wp-json\/wp\/v2\/media?parent=108249"}],"wp:term":[{"taxonomy":"category","embeddable":true,"href":"https:\/\/tvbrazilusa.com\/pt\/wp-json\/wp\/v2\/categories?post=108249"},{"taxonomy":"post_tag","embeddable":true,"href":"https:\/\/tvbrazilusa.com\/pt\/wp-json\/wp\/v2\/tags?post=108249"}],"curies":[{"name":"wp","href":"https:\/\/api.w.org\/{rel}","templated":true}]}}