{"id":108270,"date":"2025-03-04T18:47:24","date_gmt":"2025-03-04T18:47:24","guid":{"rendered":"https:\/\/tvbrazilusa.com\/2025\/03\/04\/deputados-da-oposicao-lancam-gas-lacrimogeneo-e-fumaca-durante-votacao-veja-video\/"},"modified":"2025-03-04T18:47:25","modified_gmt":"2025-03-04T18:47:25","slug":"deputados-da-oposicao-lancam-gas-lacrimogeneo-e-fumaca-durante-votacao-veja-video","status":"publish","type":"post","link":"https:\/\/tvbrazilusa.com\/pt\/2025\/03\/04\/deputados-da-oposicao-lancam-gas-lacrimogeneo-e-fumaca-durante-votacao-veja-video\/","title":{"rendered":"Deputados da oposi\u00e7\u00e3o lan\u00e7am g\u00e1s lacrimog\u00eaneo e fuma\u00e7a durante vota\u00e7\u00e3o; VEJA V\u00cdDEO"},"content":{"rendered":"<p> <script async src=\"https:\/\/pagead2.googlesyndication.com\/pagead\/js\/adsbygoogle.js?client=ca-pub-8864793242727901\"\r\n     crossorigin=\"anonymous\"><\/script><br \/>\n<\/p>\n<div id=\"taboola-read-more\" style=\"display:block; width:100%\">\n<p>Deputados da oposi\u00e7\u00e3o lan\u00e7aram granadas de fuma\u00e7a e g\u00e1s lacrimog\u00eaneo dentro da Assembleia Nacional da S\u00e9rvia nesta ter\u00e7a-feira, 4, em uma manifesta\u00e7\u00e3o a favor de um movimento de estudantes e contra as pol\u00edticas do governo, de acordo com a ag\u00eancia de not\u00edcias\u00a0<em>Reuters<\/em>.\n<\/p>\n<p>O caos \u00e9 parte de tens\u00f5es crescentes alimentadas por protestos estudantis em andamento, que come\u00e7aram em resposta ao colapso do teto de uma esta\u00e7\u00e3o de trem em Novi Sad h\u00e1 quatro meses, matando quinze pessoas. O que come\u00e7ou como demandas por responsabiliza\u00e7\u00e3o evoluiu para um dos maiores desafios para o governo s\u00e9rvio nos \u00faltimos anos.<\/p>\n<p>ASSISTA:\n<\/p>\n<p>Nesta ter\u00e7a-feira, durante sess\u00e3o para aprova\u00e7\u00e3o da pauta a ser debatida, alguns pol\u00edticos da oposi\u00e7\u00e3o sa\u00edram correndo de seus assentos em dire\u00e7\u00e3o ao p\u00f3dio da presidente da casa, se envolvendo no caminho em brigas com seguran\u00e7as. Outros acenderam bombas de fuma\u00e7a, enchendo o sal\u00e3o com nuvens de fuma\u00e7a preta e rosa, como mostrado em transmiss\u00f5es ao vivo da sess\u00e3o.\n<\/p>\n<p>A presidente da Assembleia, Ana Brnabi\u0107, confirmou que dois pol\u00edticos sofreram ferimentos durante o incidente. Um deles, Jasmina Obradovi\u0107, do SNS, sofreu um derrame e continua em estado cr\u00edtico. Apesar das interrup\u00e7\u00f5es, Brnabi\u0107 insistiu que o Parlamento continuaria seu trabalho e defenderia as institui\u00e7\u00f5es da S\u00e9rvia.\n<\/p>\n<p>A sess\u00e3o de ter\u00e7a-feira foi definida para aprovar um aumento no financiamento universit\u00e1rio, uma demanda fundamental dos estudantes que t\u00eam bloqueado faculdades desde dezembro. O Parlamento tamb\u00e9m deveria reconhecer formalmente a ren\u00fancia do primeiro-ministro Milo\u0161 Vu\u010devi\u0107. No entanto, itens adicionais introduzidos pela coaliz\u00e3o governista desencadearam a indigna\u00e7\u00e3o da oposi\u00e7\u00e3o, aumentando ainda mais as tens\u00f5es.\n<\/p>\n<p>Fonte: Veja              <\/p>\n<\/div>\n<p><br \/>\n<br \/><a href=\"https:\/\/diariodobrasilnoticias.com.br\/noticia\/deputados-da-oposicao-lancam-gas-lacrimogeneo-e-fumaca-durante-votacao-veja-video-67c730184c940\">Source link <\/a><\/p>","protected":false},"excerpt":{"rendered":"<p>Deputados da oposi\u00e7\u00e3o lan\u00e7aram granadas de fuma\u00e7a e g\u00e1s lacrimog\u00eaneo dentro da Assembleia Nacional da S\u00e9rvia nesta ter\u00e7a-feira, 4, em uma manifesta\u00e7\u00e3o a favor de um movimento de estudantes e&hellip;<\/p>","protected":false},"author":1,"featured_media":108271,"comment_status":"closed","ping_status":"open","sticky":false,"template":"","format":"standard","meta":{"content-type":"","footnotes":""},"categories":[16],"tags":[123,2448,5313,1267],"class_list":["post-108270","post","type-post","status-publish","format-standard","has-post-thumbnail","hentry","category-noticias","tag-brasil","tag-diario","tag-noticia","tag-noticias"],"_links":{"self":[{"href":"https:\/\/tvbrazilusa.com\/pt\/wp-json\/wp\/v2\/posts\/108270","targetHints":{"allow":["GET"]}}],"collection":[{"href":"https:\/\/tvbrazilusa.com\/pt\/wp-json\/wp\/v2\/posts"}],"about":[{"href":"https:\/\/tvbrazilusa.com\/pt\/wp-json\/wp\/v2\/types\/post"}],"author":[{"embeddable":true,"href":"https:\/\/tvbrazilusa.com\/pt\/wp-json\/wp\/v2\/users\/1"}],"replies":[{"embeddable":true,"href":"https:\/\/tvbrazilusa.com\/pt\/wp-json\/wp\/v2\/comments?post=108270"}],"version-history":[{"count":1,"href":"https:\/\/tvbrazilusa.com\/pt\/wp-json\/wp\/v2\/posts\/108270\/revisions"}],"predecessor-version":[{"id":108272,"href":"https:\/\/tvbrazilusa.com\/pt\/wp-json\/wp\/v2\/posts\/108270\/revisions\/108272"}],"wp:featuredmedia":[{"embeddable":true,"href":"https:\/\/tvbrazilusa.com\/pt\/wp-json\/wp\/v2\/media\/108271"}],"wp:attachment":[{"href":"https:\/\/tvbrazilusa.com\/pt\/wp-json\/wp\/v2\/media?parent=108270"}],"wp:term":[{"taxonomy":"category","embeddable":true,"href":"https:\/\/tvbrazilusa.com\/pt\/wp-json\/wp\/v2\/categories?post=108270"},{"taxonomy":"post_tag","embeddable":true,"href":"https:\/\/tvbrazilusa.com\/pt\/wp-json\/wp\/v2\/tags?post=108270"}],"curies":[{"name":"wp","href":"https:\/\/api.w.org\/{rel}","templated":true}]}}