{"id":108273,"date":"2025-03-04T18:59:04","date_gmt":"2025-03-04T18:59:04","guid":{"rendered":"https:\/\/tvbrazilusa.com\/2025\/03\/04\/alema-faz-procedimento-para-mudar-cor-de-pele-sou-transracial\/"},"modified":"2025-03-04T18:59:06","modified_gmt":"2025-03-04T18:59:06","slug":"alema-faz-procedimento-para-mudar-cor-de-pele-sou-transracial","status":"publish","type":"post","link":"https:\/\/tvbrazilusa.com\/pt\/2025\/03\/04\/alema-faz-procedimento-para-mudar-cor-de-pele-sou-transracial\/","title":{"rendered":"Alem\u00e3 faz procedimento para mudar cor de pele: &#8216;sou transracial&#8217;"},"content":{"rendered":"<p> <script async src=\"https:\/\/pagead2.googlesyndication.com\/pagead\/js\/adsbygoogle.js?client=ca-pub-8864793242727901\"\r\n     crossorigin=\"anonymous\"><\/script><br \/>\n<\/p>\n<div id=\"taboola-read-more\" style=\"display:block; width:100%\">\n<p>A <a class=\"x1i10hfl xjbqb8w x1ejq31n xd10rxx x1sy0etr x17r0tee x972fbf xcfux6l x1qhh985 xm0m39n x9f619 x1ypdohk xt0psk2 xe8uvvx xdj266r x11i5rnm xat24cr x1mh8g0r xexx8yu x4uap5 x18d9i69 xkhd6sd x16tdsg8 x1hl2dhg xggy1nq x1a2a7pz  _aa9_ _a6hd\" tabindex=\"0\" href=\"https:\/\/www.instagram.com\/explore\/tags\/modelo\/\">modelo<\/a> alem\u00e3 Martina Big est\u00e1 desde 2017 tomando inje\u00e7\u00f5es estimulantes de melanina (como bronzeadores injet\u00e1veis) e usando semanalmente sua pr\u00f3pria c\u00e2mara de bronzeamento artificial para conquistar seu sonho de ter uma pele negra. \u201cSou <a class=\"x1i10hfl xjbqb8w x1ejq31n xd10rxx x1sy0etr x17r0tee x972fbf xcfux6l x1qhh985 xm0m39n x9f619 x1ypdohk xt0psk2 xe8uvvx xdj266r x11i5rnm xat24cr x1mh8g0r xexx8yu x4uap5 x18d9i69 xkhd6sd x16tdsg8 x1hl2dhg xggy1nq x1a2a7pz  _aa9_ _a6hd\" tabindex=\"0\" href=\"https:\/\/www.instagram.com\/explore\/tags\/transracial\/\">transracial<\/a>\u201d, diz ela em entrevista ao Metr\u00f3poles.<\/p>\n<p>Conhecida por suas dr\u00e1sticas transforma\u00e7\u00f5es corporais, incluindo os seis litros de implantes de silicone em cada seio, Martina passou a adotar o nome de Malaika Kubwa, como foi batizada no Qu\u00eania, que em sua\u00edli significa \u201cgrande anja\u201d.<\/p>\n<p>As <a class=\"x1i10hfl xjbqb8w x1ejq31n xd10rxx x1sy0etr x17r0tee x972fbf xcfux6l x1qhh985 xm0m39n x9f619 x1ypdohk xt0psk2 xe8uvvx xdj266r x11i5rnm xat24cr x1mh8g0r xexx8yu x4uap5 x18d9i69 xkhd6sd x16tdsg8 x1hl2dhg xggy1nq x1a2a7pz  _aa9_ _a6hd\" tabindex=\"0\" href=\"https:\/\/www.instagram.com\/explore\/tags\/transforma%C3%A7%C3%B5es\/\">transforma\u00e7\u00f5es<\/a> de Martina s\u00e3o consideradas agressivas \u00e0 sa\u00fade por m\u00e9dicos. O programa de televis\u00e3o americano Botched, conhecido por consertar cirurgias pl\u00e1sticas que deram errado, j\u00e1 recusou os pedidos da modelo para colocar implantes nos gl\u00fateos t\u00e3o grandes quanto os dos seios e criar um nariz que a permitisse se sentir \u201cmais africana\u201d.<\/p>\n<p>As c\u00e2maras de bronzeamento, como as usadas por Martina, s\u00e3o proibidas no Brasil desde 2009 por levarem a um risco 75% maior de desenvolvimento de c\u00e2ncer de pele.<\/p>\n<p>Apesar dos riscos da pr\u00e1tica, Martina segue usando sua c\u00e2mara de bronzeamento com 50 tubos de emiss\u00e3o de luz de radia\u00e7\u00e3o UVB com frequ\u00eancia. \u201cNo passado, eu tinha a pele muito clara e cabelos loiros, mas sonhava em ser bronzeada e senti cada vez mais necessidade de ter uma pele escura\u201d, explica.<\/p>\n<p>Depois das inje\u00e7\u00f5es de melanina, ela fez novas sess\u00f5es de bronzeamento e afirma ter alcan\u00e7ado o tom escuro da pele ap\u00f3s o primeiro m\u00eas de sess\u00f5es. \u201cDepois do procedimento, percebi que minha ess\u00eancia havia mudado, n\u00e3o s\u00f3 minha apar\u00eancia. Agora, n\u00e3o apenas pare\u00e7o africana, mas tamb\u00e9m me sinto como uma africana\u201d, diz.<\/p>\n<p>Al\u00e9m das inje\u00e7\u00f5es de melanina, Martina tamb\u00e9m fez outras modifica\u00e7\u00f5es corporais para conquistar o visual que hoje ostenta como Malaika Kubwa. Em 2012, ela fez uma lipoaspira\u00e7\u00e3o nas pernas e quadris e colocou facetas de porcelana nos dentes para t\u00ea-los mais brilhantes.<\/p>\n<p>Fonte: Metr\u00f3poles<\/p>\n<\/p><\/div>\n<p><script async src=\"\/\/www.instagram.com\/embed.js\"><\/script><br \/>\n<br \/><br \/>\n<br \/><a href=\"https:\/\/diariodobrasilnoticias.com.br\/noticia\/alema-faz-procedimento-para-mudar-cor-de-pele-sou-transracial-67c7125385d2b\">Source link <\/a><\/p>","protected":false},"excerpt":{"rendered":"<p>A modelo alem\u00e3 Martina Big est\u00e1 desde 2017 tomando inje\u00e7\u00f5es estimulantes de melanina (como bronzeadores injet\u00e1veis) e usando semanalmente sua pr\u00f3pria c\u00e2mara de bronzeamento artificial para conquistar seu sonho de&hellip;<\/p>","protected":false},"author":1,"featured_media":108274,"comment_status":"closed","ping_status":"open","sticky":false,"template":"","format":"standard","meta":{"content-type":"","footnotes":""},"categories":[16],"tags":[123,2448,5313,1267],"class_list":["post-108273","post","type-post","status-publish","format-standard","has-post-thumbnail","hentry","category-noticias","tag-brasil","tag-diario","tag-noticia","tag-noticias"],"_links":{"self":[{"href":"https:\/\/tvbrazilusa.com\/pt\/wp-json\/wp\/v2\/posts\/108273","targetHints":{"allow":["GET"]}}],"collection":[{"href":"https:\/\/tvbrazilusa.com\/pt\/wp-json\/wp\/v2\/posts"}],"about":[{"href":"https:\/\/tvbrazilusa.com\/pt\/wp-json\/wp\/v2\/types\/post"}],"author":[{"embeddable":true,"href":"https:\/\/tvbrazilusa.com\/pt\/wp-json\/wp\/v2\/users\/1"}],"replies":[{"embeddable":true,"href":"https:\/\/tvbrazilusa.com\/pt\/wp-json\/wp\/v2\/comments?post=108273"}],"version-history":[{"count":1,"href":"https:\/\/tvbrazilusa.com\/pt\/wp-json\/wp\/v2\/posts\/108273\/revisions"}],"predecessor-version":[{"id":108275,"href":"https:\/\/tvbrazilusa.com\/pt\/wp-json\/wp\/v2\/posts\/108273\/revisions\/108275"}],"wp:featuredmedia":[{"embeddable":true,"href":"https:\/\/tvbrazilusa.com\/pt\/wp-json\/wp\/v2\/media\/108274"}],"wp:attachment":[{"href":"https:\/\/tvbrazilusa.com\/pt\/wp-json\/wp\/v2\/media?parent=108273"}],"wp:term":[{"taxonomy":"category","embeddable":true,"href":"https:\/\/tvbrazilusa.com\/pt\/wp-json\/wp\/v2\/categories?post=108273"},{"taxonomy":"post_tag","embeddable":true,"href":"https:\/\/tvbrazilusa.com\/pt\/wp-json\/wp\/v2\/tags?post=108273"}],"curies":[{"name":"wp","href":"https:\/\/api.w.org\/{rel}","templated":true}]}}