{"id":108387,"date":"2025-03-05T10:29:56","date_gmt":"2025-03-05T10:29:56","guid":{"rendered":"https:\/\/tvbrazilusa.com\/2025\/03\/05\/acordo-por-comissoes-na-camara-envolve-impasse-na-ccj-e-relacoes-exteriores\/"},"modified":"2025-03-05T10:29:57","modified_gmt":"2025-03-05T10:29:57","slug":"acordo-por-comissoes-na-camara-envolve-impasse-na-ccj-e-relacoes-exteriores","status":"publish","type":"post","link":"https:\/\/tvbrazilusa.com\/pt\/2025\/03\/05\/acordo-por-comissoes-na-camara-envolve-impasse-na-ccj-e-relacoes-exteriores\/","title":{"rendered":"Acordo por comiss\u00f5es na C\u00e2mara envolve impasse na CCJ e Rela\u00e7\u00f5es Exteriores"},"content":{"rendered":"<p> <script async src=\"https:\/\/pagead2.googlesyndication.com\/pagead\/js\/adsbygoogle.js?client=ca-pub-8864793242727901\"\r\n     crossorigin=\"anonymous\"><\/script><br \/>\n<\/p>\n<div id=\"taboola-read-more\" style=\"display:block; width:100%\">\n<p>O acordo pol\u00edtico para a divis\u00e3o das comiss\u00f5es na C\u00e2mara dos Deputados envolve impasse entre os maiores partidos da Casa. O principal deles \u00e9 o comando da Comiss\u00e3o de Constitui\u00e7\u00e3o e Justi\u00e7a (CCJ), cobi\u00e7ada por mais de uma bancada.\n<\/p>\n<p>Outras comiss\u00f5es, como a de Rela\u00e7\u00f5es Exteriores, tamb\u00e9m s\u00e3o alvo de diverg\u00eancias entre governistas e a oposi\u00e7\u00e3o. Essa partilha dos colegiados deve avan\u00e7ar ap\u00f3s o feriado de Carnaval. O tema est\u00e1 previsto para ser debatido pelos l\u00edderes partid\u00e1rios no dia 13 de mar\u00e7o.<\/p>\n<p>O xadrez da divis\u00e3o esbarra em acordos ainda da gest\u00e3o de Arthur Lira (PP-AL) e da elei\u00e7\u00e3o do atual presidente da Casa, Hugo Motta (Republicanos-PB). O arranjo acertado por Lira definiu a altern\u00e2ncia entre as siglas na CCJ e valeria at\u00e9 2026.\n<\/p>\n<p>O PL, que tem a maior bancada da Casa, pleiteia a presid\u00eancia da CCJ e a relatoria do Or\u00e7amento. Pelo acordo anterior, a CCJ ficaria com o Uni\u00e3o Brasil ou MDB. O PP tamb\u00e9m tem interesse na comiss\u00e3o.\n<\/p>\n<p>As discuss\u00f5es tamb\u00e9m envolvem a relatoria do Or\u00e7amento de 2026. O PL almeja a fun\u00e7\u00e3o. No entanto, o l\u00edder do MDB, deputado Isnaldo Bulh\u00f5es (AL), reivindica a relatoria e cobra o respeito ao acordo firmado por Lira.\n<\/p>\n<p>O PL teve a relatoria do Or\u00e7amento em 2023 e presidiu a CCJ no ano passado. A sigla avalia permanecer no comando da CCJ, j\u00e1 que tem a prefer\u00eancia na primeira escolha das comiss\u00f5es. Parte dos integrantes da legenda considera que o acordo com Lira perdeu validade ap\u00f3s a elei\u00e7\u00e3o de Hugo Motta para a presid\u00eancia da C\u00e2mara.\n<\/p>\n<p>Por regra, as siglas maiores comandam mais colegiados e t\u00eam o direito de fazer as primeiras escolhas. Atualmente, a C\u00e2mara tem 30 comiss\u00f5es tem\u00e1ticas permanentes.\n<\/p>\n<p>O PL, por exemplo, que tem 92 deputados, pode fazer a primeira pedida e tem direito ao comando de seis comiss\u00f5es. A federa\u00e7\u00e3o governista formada por PT, PCdoB e PV faz o segundo pedido e tem o direito de presidir cinco colegiados.\n<\/p>\n<p><strong>PT x PL<\/strong>\n<\/p>\n<p>O PL, de oposi\u00e7\u00e3o ao governo, tamb\u00e9m quer o comando da Comiss\u00e3o de Rela\u00e7\u00f5es Exteriores e pretende indicar o deputado Eduardo Bolsonaro (PL-SP) como presidente. A bancada petista \u00e9 contra a ideia e faz campanha para evitar a indica\u00e7\u00e3o do parlamentar.\n<\/p>\n<p>Na \u00faltima semana, como a CNN mostrou, o l\u00edder do PT na C\u00e2mara, Lindbergh Farias (RJ), e o deputado Rog\u00e9rio Correia (PT-MG) acionaram a Procuradoria-Geral da Rep\u00fablica (PGR) para pedir uma investiga\u00e7\u00e3o criminal e a cassa\u00e7\u00e3o do passaporte diplom\u00e1tico de Eduardo.\n<\/p>\n<p>Os parlamentares alegam que Eduardo teria influenciado o posicionamento do Escrito\u0301rio de Assuntos do Hemisfe\u0301rio Ocidental dos Estados Unidos, o\u0301rga\u0303o do Departamento de Estado do pai\u0301s, que criticou decis\u00f5es da Justi\u00e7a brasileira de bloqueios e multas impostas a empresas norte-americanas.\n<\/p>\n<p>A posi\u00e7\u00e3o da autoridade estrangeira foi divulgada na esteira do embate entre o ministro Alexandre de Moraes, do Supremo Tribunal Federal (STF), e a plataforma Rumble.\n<\/p>\n<p>\u201cEntramos na PGR pedindo investiga\u00e7\u00e3o criminal e apreens\u00e3o do passaporte de Eduardo Bolsonaro por conspirar nos EUA contra o Brasil [\u2026] N\u00f3s n\u00e3o aceitamos que a C\u00e2mara dos Deputados coloque Eduardo Bolsonaro, de forma alguma, como presidente da Comiss\u00e3o de Rela\u00e7\u00f5es Exteriores. Ele ia usar a institui\u00e7\u00e3o C\u00e2mara dos Deputados para articular contra o Brasil\u201d, afirmou Lindbergh em publica\u00e7\u00e3o no X (antigo Twitter).\n<\/p>\n<p>A CNN procurou a assessoria de Eduardo Bolsonaro sobre o assunto e aguarda resposta.\n<\/p>\n<p>Nas redes sociais, Eduardo afirmou que o pedido de apreens\u00e3o do seu passaporte faz parte de uma estrat\u00e9gia para impedir que ele assuma a Comiss\u00e3o de Rela\u00e7\u00f5es Exteriores. \u201cO que est\u00e1 por tr\u00e1s da tentativa de apreens\u00e3o do meu passaporte: poss\u00edveis interfer\u00eancias externas e interesses geopol\u00edticos para que eu n\u00e3o assuma a Comiss\u00e3o de Rela\u00e7\u00f5es Exteriores\u201d, disse.\n<\/p>\n<p><strong>CNN<\/strong>              <\/p>\n<\/div>\n<p><br \/>\n<br \/><a href=\"https:\/\/diariodobrasilnoticias.com.br\/noticia\/acordo-por-comissoes-na-camara-envolve-impasse-na-ccj-e-relacoes-exteriores-67c825ad30d7f\">Source link <\/a><\/p>","protected":false},"excerpt":{"rendered":"<p>O acordo pol\u00edtico para a divis\u00e3o das comiss\u00f5es na C\u00e2mara dos Deputados envolve impasse entre os maiores partidos da Casa. O principal deles \u00e9 o comando da Comiss\u00e3o de Constitui\u00e7\u00e3o&hellip;<\/p>","protected":false},"author":1,"featured_media":108388,"comment_status":"closed","ping_status":"open","sticky":false,"template":"","format":"standard","meta":{"content-type":"","footnotes":""},"categories":[16],"tags":[123,2448,5313,1267],"class_list":["post-108387","post","type-post","status-publish","format-standard","has-post-thumbnail","hentry","category-noticias","tag-brasil","tag-diario","tag-noticia","tag-noticias"],"_links":{"self":[{"href":"https:\/\/tvbrazilusa.com\/pt\/wp-json\/wp\/v2\/posts\/108387","targetHints":{"allow":["GET"]}}],"collection":[{"href":"https:\/\/tvbrazilusa.com\/pt\/wp-json\/wp\/v2\/posts"}],"about":[{"href":"https:\/\/tvbrazilusa.com\/pt\/wp-json\/wp\/v2\/types\/post"}],"author":[{"embeddable":true,"href":"https:\/\/tvbrazilusa.com\/pt\/wp-json\/wp\/v2\/users\/1"}],"replies":[{"embeddable":true,"href":"https:\/\/tvbrazilusa.com\/pt\/wp-json\/wp\/v2\/comments?post=108387"}],"version-history":[{"count":1,"href":"https:\/\/tvbrazilusa.com\/pt\/wp-json\/wp\/v2\/posts\/108387\/revisions"}],"predecessor-version":[{"id":108389,"href":"https:\/\/tvbrazilusa.com\/pt\/wp-json\/wp\/v2\/posts\/108387\/revisions\/108389"}],"wp:featuredmedia":[{"embeddable":true,"href":"https:\/\/tvbrazilusa.com\/pt\/wp-json\/wp\/v2\/media\/108388"}],"wp:attachment":[{"href":"https:\/\/tvbrazilusa.com\/pt\/wp-json\/wp\/v2\/media?parent=108387"}],"wp:term":[{"taxonomy":"category","embeddable":true,"href":"https:\/\/tvbrazilusa.com\/pt\/wp-json\/wp\/v2\/categories?post=108387"},{"taxonomy":"post_tag","embeddable":true,"href":"https:\/\/tvbrazilusa.com\/pt\/wp-json\/wp\/v2\/tags?post=108387"}],"curies":[{"name":"wp","href":"https:\/\/api.w.org\/{rel}","templated":true}]}}