{"id":108396,"date":"2025-03-05T11:03:55","date_gmt":"2025-03-05T11:03:55","guid":{"rendered":"https:\/\/tvbrazilusa.com\/2025\/03\/05\/bomba-trump-cita-brasil-entre-os-alvos-de-sua-nova-rodada-de-tarifas-que-chama-de-reciprocas-em-abril\/"},"modified":"2025-03-05T11:03:57","modified_gmt":"2025-03-05T11:03:57","slug":"bomba-trump-cita-brasil-entre-os-alvos-de-sua-nova-rodada-de-tarifas-que-chama-de-reciprocas-em-abril","status":"publish","type":"post","link":"https:\/\/tvbrazilusa.com\/pt\/2025\/03\/05\/bomba-trump-cita-brasil-entre-os-alvos-de-sua-nova-rodada-de-tarifas-que-chama-de-reciprocas-em-abril\/","title":{"rendered":"BOMBA: Trump cita Brasil entre os alvos de sua nova rodada de tarifas, que chama de &#8216;rec\u00edprocas&#8217;, em abril"},"content":{"rendered":"<p> <script async src=\"https:\/\/pagead2.googlesyndication.com\/pagead\/js\/adsbygoogle.js?client=ca-pub-8864793242727901\"\r\n     crossorigin=\"anonymous\"><\/script><br \/>\n<\/p>\n<div id=\"taboola-read-more\" style=\"display:block; width:100%\">\n<p>Em um discurso no Congresso dos Estados Unidos, que terminou em instantes, Donald Trump fez nova defesa de sua pol\u00edtica protecionista, com planos de aplicar uma s\u00e9rie de outras taxa\u00e7\u00f5es, e citou o Brasil como um dos pa\u00edses que, segundo ele, sempre \u201cusaram tarifas contra os EUA\u201d.\n<\/p>\n<p>O presidente dos EUA tamb\u00e9m citou Uni\u00e3o Europeia, \u00cdndia e Coreia do Sul, al\u00e9m de M\u00e9xico e Canad\u00e1 neste trecho do discurso, fazendo men\u00e7\u00e3o ao que ele chama de \u201ctarifas rec\u00edprocas\u201d, modalidade que pretende aplicar a partir de 2 de abril. Ele afirmou que esses e outros pa\u00edses taxam produtos americanos em mais de 100% ou duas ou at\u00e9 quatro vezes a m\u00e9dia das tarifas nos EUA.<\/p>\n<p>\u2014 Esse sistema n\u00e3o \u00e9 justo para os EUA, e nunca foi \u2014 afirmou. \u2014 Se nos taxarem, vamos tax\u00e1-los, \u00e9 simples.\n<\/p>\n<p>Ele explicou que v\u00ea nas tarifas uma forma de atrair \u201ctrilh\u00f5es\u201d em investimentos e empregos para os EUA no \u00e2mbito de sua pol\u00edtica \u201cAmerica First\u201d:\n<\/p>\n<p>\u2014 Se n\u00e3o produz nos EUA, sob o governo Trump, voc\u00ea vai pagar uma tarifa. E, em alguns casos, bem alta. Outros pa\u00edses t\u00eam usado tarifas contras n\u00f3s por d\u00e9cadas, e agora \u00e9 nossa vez de come\u00e7ar a us\u00e1-las contra outros pa\u00edses.\n<\/p>\n<p>Amea\u00e7a cumprida<br \/>Donald Trump cumpriu ontem sua amea\u00e7a e taxou em 25% as importa\u00e7\u00f5es vindas de Canad\u00e1 e M\u00e9xico, vizinhos com quem o seu pa\u00eds forma um bloco de livre com\u00e9rcio. Tamb\u00e9m dobrou a tarifa que imp\u00f4s a produtos da China, de 10% para 20%.\n<\/p>\n<p>Com isso, o republicano elevou a m\u00e9dia das tarifas de importa\u00e7\u00e3o dos EUA para o mais alto patamar desde a primeira metade do s\u00e9culo XX, segundo o Laborat\u00f3rio de Or\u00e7amento da Universidade Yale. Os tr\u00eas pa\u00edses atingidos responderam com retalia\u00e7\u00f5es comerciais, mas os efeitos tamb\u00e9m ser\u00e3o sentidos no bolso dos americanos.\n<\/p>\n<p>Empresas dos EUA alertaram ontem para o repasse do imposto de importa\u00e7\u00e3o para o pre\u00e7o dos produtos de fora, alimentando a infla\u00e7\u00e3o persistente no pa\u00eds. Com a escalada da guerra comercial de Trump, bolsas ca\u00edram e o d\u00f3lar perdeu valor perante outras moedas.\n<\/p>\n<p>Ap\u00f3s a confirma\u00e7\u00e3o do in\u00edcio das tarifas previstas para ontem, M\u00e9xico e China foram cuidadosos, mas a resposta do Canad\u00e1 foi mais en\u00e9rgica.\n<\/p>\n<p>O primeiro-ministro Justin Trudeau imp\u00f4s tarifas de 25% sobre uma s\u00e9rie de produtos americanos, no valor de 30 bilh\u00f5es de d\u00f3lares canadenses (cerca de US$ 21 bilh\u00f5es) por ano. E deixou claro que, se as tarifas americanas persistirem, o Canad\u00e1 ampliar\u00e1 a gama de bens importados dos EUA a serem taxados, totalizando US$ 107 bilh\u00f5es. O l\u00edder demission\u00e1rio chamou a decis\u00e3o de Trump de \u201cest\u00fapida\u201d e classificou de \u201cabsurda\u201d a suposta neglig\u00eancia do Canad\u00e1 com o tr\u00e1fico de fentanil.\n<\/p>\n<p>\u2014 O que ele quer \u00e9 ver um colapso total da economia canadense, porque isso tornaria mais f\u00e1cil nos anexar \u2014 disse, referindo-se a uma frase de Trump de que o Canad\u00e1 poderia ser o 51\u00ba estado americano.\n<\/p>\n<p>Secret\u00e1rio fala em al\u00edvio<br \/>Trudeau informou que os governos federal e provinciais do Canad\u00e1 discutem medidas n\u00e3o tarif\u00e1rias para evidenciar que \u201cn\u00e3o h\u00e1 vencedores em uma guerra comercial\u201d. Trump voltou \u00e0 carga numa rede social amea\u00e7ando o Canad\u00e1 com taxas mais altas.\n<\/p>\n<p>Apesar disso, o secret\u00e1rio de Com\u00e9rcio dos EUA, Howard Lutnick, tentou amenizar a tens\u00e3o dizendo que est\u00e1 negociando com M\u00e9xico e Canad\u00e1 um poss\u00edvel al\u00edvio nas tarifas, que poderia ser anunciado hoje envolvendo os produtos cobertos pelo acordo de livre com\u00e9rcio da Am\u00e9rica do Norte. Ele mencionou uma esp\u00e9cie de \u201cmeio-termo\u201d, descartando remo\u00e7\u00e3o total de tarifas.\n<\/p>\n<p>Trudeau disse que apresentar\u00e1 contesta\u00e7\u00f5es \u00e0 Organiza\u00e7\u00e3o Mundial do Com\u00e9rcio (OMC), caminho j\u00e1 feito pela China. Pequim informou que vai impor tarifas de 10% e 15% sobre alimentos dos EUA, como soja, trigo, frango e carne bovina, e apertou o cerco sobre 15 empresas americanas, que precisar\u00e3o de licen\u00e7a para comprar bens chineses. Outras dez tiveram exporta\u00e7\u00f5es bloqueadas para a China.\n<\/p>\n<p>As sobretaxas anunciadas ontem pelo governo de Xi Jingping recaem sobre US$ 22 bilh\u00f5es em importa\u00e7\u00f5es americanas de alimentos numa resposta \u00e0 tarifa adicional de 10% que Trump imp\u00f4s ontem. Em fevereiro, quando os EUA anunciaram a primeira rodada de 10%, Pequim j\u00e1 havia sobretaxado US$ 14 bilh\u00f5es em itens americanos, incluindo g\u00e1s, carv\u00e3o e maquinas agr\u00edcola.\n<\/p>\n<p>Em tom distinto ao do Canad\u00e1, o porta-voz do Congresso Nacional do Povo, Lou Qinjian, disse esperar que os pa\u00edses possam encontrar uma solu\u00e7\u00e3o por meio do di\u00e1logo:\n<\/p>\n<p>\u2014 O importante \u00e9 respeitar os interesses centrais e as principais preocupa\u00e7\u00f5es de cada um e encontrar uma solu\u00e7\u00e3o adequada.\n<\/p>\n<p>Ainda mais cautelosa, a presidente do M\u00e9xico, Claudia Sheinbaum, disse na manh\u00e3 de ontem que \u201cn\u00e3o h\u00e1 motivo, raz\u00e3o ou justificativa\u201d para as tarifas de 25% impostas pelos EUA sobre produtos mexicanos e afirmou que seu governo est\u00e1 preparando medidas \u201ctarif\u00e1rias e n\u00e3o tarif\u00e1rias\u201d em retalia\u00e7\u00e3o. No entanto, elas s\u00f3 devem ser apresentadas no pr\u00f3ximo domingo. A presidente vai usar a pra\u00e7a principal da Cidade do M\u00e9xico, para detalhar as medidas.\n<\/p>\n<p>At\u00e9 o momento, as tarifas impactam principalmente fabricantes dos setores qu\u00edmico, aliment\u00edcio, de transportes, de m\u00e1quinas e de eletrodom\u00e9sticos. O laborat\u00f3rio de Yale avalia que as medidas podem representar um custo adicional de at\u00e9 US$ 2 mil (R$ 11,5 mil) para cada lar americano. Isso porque, do abacate ao smartphone, da madeira ao autom\u00f3vel, boa parte dos produtos consumidos nos EUA vem de China, M\u00e9xico e Canad\u00e1.\n<\/p>\n<p>O que Trump j\u00e1 cumpriu e o que vem por a\u00ed<br \/>Veja a seguir um resumo dos planos de Trump em rela\u00e7\u00e3o \u00e0s tarifas aduaneiras \u2014 uma forma que os governos usam para tornar produtos importados menos competitivos internamente\u2014, com datas prometidas de entrada em vigor e pa\u00edses no alvo. Mas \u00e9 bom lembrar que esses planos do presidente americano mudam quase diariamente em sua ret\u00f3rica.\n<\/p>\n<p>Menos de duas semanas ap\u00f3s sua posse, Donald Trump anunciou, em 1\u00ba de fevereiro, que imporia tarifas de 25% sobre produtos do Canad\u00e1 e do M\u00e9xico e um adicional de 10% sobre todos os bens chineses, a partir de 4 de fevereiro. Os tr\u00eas pa\u00edses prometeram retaliar imediatamente.\n<\/p>\n<p>Washington prev\u00ea uma taxa\u00e7\u00e3o menor sobre o setor energ\u00e9tico do Canad\u00e1, de 10%, devido \u00e0 sua import\u00e2ncia para as importa\u00e7\u00f5es americanas.\n<\/p>\n<p>Canad\u00e1 e M\u00e9xico conseguiram um adiamento de 30 dias na \u00faltima hora. A China n\u00e3o obteve o mesmo benef\u00edcio. O gigante asi\u00e1tico anunciou, em repres\u00e1lia, novas barreiras aduaneiras a produtos dos Estados Unidos.\n<\/p>\n<p><strong>4 de mar\u00e7o: Canad\u00e1, M\u00e9xico e China<\/strong>\n<\/p>\n<p>O adiamento obtido por mexicanos e canadenses expira em 4 de mar\u00e7o, e Donald Trump afirmou na quinta-feira que as tarifas entrar\u00e3o em vigor conforme o cronograma previsto.\n<\/p>\n<p>Ele tamb\u00e9m anunciou que os Estados Unidos aumentar\u00e3o ainda mais as tarifas sobre produtos chineses, em 10%, nessa mesma data.\n<\/p>\n<p>O presidente acusa os tr\u00eas pa\u00edses de permitirem a entrada de fentanil nos Estados Unidos: seus vizinhos, por n\u00e3o garantirem a seguran\u00e7a da fronteira de forma suficiente, segundo ele.\n<\/p>\n<p>No caso da China, a tarifa se deve, de acordo com Trump, ao fato de ser o pa\u00eds de onde saem as subst\u00e2ncias qu\u00edmicas usadas na fabrica\u00e7\u00e3o desse opioide sint\u00e9tico que causa estragos em solo americano. No entanto, a China \u00e9 vista como a principal rival dos EUA economica e geopoliticamente, de acordo com o ide\u00e1rio de Trump.\n<\/p>\n<p><strong>12 de mar\u00e7o: a\u00e7o e alum\u00ednio<\/strong>\n<\/p>\n<p>Em fevereiro, Donald Trump assinou decretos para impor tarifas de 25% sobre a\u00e7o e alum\u00ednio que entrarem nos Estados Unidos a partir de 12 de mar\u00e7o.\n<\/p>\n<p>Ele alega querer proteger as ind\u00fastrias nacionais, pois acredita que foram prejudicadas &#8220;pelas pr\u00e1ticas comerciais desleais e pelo excesso de produ\u00e7\u00e3o global&#8221;.\n<\/p>\n<p>Essa medida tem o maior potencial contra o Brasil at\u00e9 agora, j\u00e1 que o pa\u00eds \u00e9 o segundo exportador de a\u00e7o para os EUA.\n<\/p>\n<p><strong>2 de abril: &#8216;tarifas rec\u00edprocas&#8217; e novos alvos<\/strong>\n<\/p>\n<p>O presidente americano afirmou na quinta-feira que mant\u00e9m a inten\u00e7\u00e3o de impor tarifas &#8220;rec\u00edprocas&#8221; aos parceiros comerciais dos Estados Unidos a partir de 2 de abril.\n<\/p>\n<p>Para ele, isso significa reduzir as disparidades: se um produto americano for taxado em 40% ao entrar em um pa\u00eds, Washington impor\u00e1 o mesmo n\u00edvel de tarifas na dire\u00e7\u00e3o oposta.\n<\/p>\n<p>Al\u00e9m dos impostos de importa\u00e7\u00e3o, Donald Trump tamb\u00e9m mira barreiras n\u00e3o tarif\u00e1rias, como regulamentos que penalizam produtos americanos ou o imposto sobre valor agregado (IVA) dos europeus, um tributo sobre as compras dos consumidores (independentemente do local de produ\u00e7\u00e3o), geralmente mais alto do que nos Estados Unidos.\n<\/p>\n<p>Ele tamb\u00e9m amea\u00e7a impor tarifas sobre autom\u00f3veis, produtos farmac\u00eauticos e madeira para constru\u00e7\u00e3o.\n<\/p>\n<p>Na \u00faltima quarta-feira, Trump amea\u00e7ou impor tarifas de 25% sobre produtos da Uni\u00e3o Europeia (UE), sem especificar uma data. Ontem, ele se encontrou com o primeiro-ministro do Reino Unido, Keir Starmer, e afirmou que os dois pa\u00edses est\u00e3o assinando um acordo comercial &#8220;muito bom&#8221;.\n<\/p>\n<p><strong>2 de abril: produtos aliment\u00edcios<\/strong>\n<\/p>\n<div class=\"mc-column content-text active-extra-styles\" data-block-type=\"unstyled\" data-block-weight=\"61\">\n<p class=\"content-text__container\" data-track-category=\"Link no Texto\" data-track-links=\"data-track-links\">Na v\u00e9spera da entrada em vigor de tarifas de 25% contra produtos do Canad\u00e1 e do M\u00e9xico e de um adicional tarif\u00e1rio de 10% para a China, o presidente dos Estados Unidos, Donald Trump, amea\u00e7ou novas tarifas sobre importa\u00e7\u00f5es de produtos agr\u00edcolas a partir do dia 2 de abril. A medida seria uma forma de favorecer agricultores americanos, diz Trump.\n<\/p>\n<\/div>\n<div class=\"mc-column content-text active-extra-styles\" data-block-type=\"unstyled\" data-block-weight=\"42\">\n<p class=\"content-text__container\" data-track-category=\"Link no Texto\" data-track-links=\"data-track-links\">\u201cPara os grandes fazendeiros dos Estados Unidos: Preparem-se para come\u00e7ar a produzir muitos produtos agr\u00edcolas para serem vendidos DENTRO dos Estados Unidos. As tarifas ser\u00e3o aplicadas sobre produtos externos no dia 2 de abril. Divirtam-se!&#8221;, escreveu Trump na rede social Truth Social.\n<\/p>\n<\/div>\n<div class=\"mc-column content-text active-extra-styles\" data-block-type=\"unstyled\" data-block-weight=\"43\">\n<p class=\"content-text__container\" data-track-category=\"Link no Texto\" data-track-links=\"data-track-links\">O presidente n\u00e3o forneceu mais detalhes sobre quais produtos seriam afetados, nem se haveria exce\u00e7\u00f5es. Tamb\u00e9m n\u00e3o est\u00e1 claro se seu plano faz parte de um esfor\u00e7o previamente anunciado para implementar as chamadas tarifas \u201crec\u00edprocas\u201d sobre quase todos os parceiros comerciais dos EUA.\n<\/p>\n<p class=\"content-text__container\" data-track-category=\"Link no Texto\" data-track-links=\"data-track-links\">\u00a0\n<\/p>\n<p class=\"content-text__container\" data-track-category=\"Link no Texto\" data-track-links=\"data-track-links\">Fonte: O Globo\n<\/p>\n<\/div><\/div>\n<p><br \/>\n<br \/><a href=\"https:\/\/diariodobrasilnoticias.com.br\/noticia\/bomba-trump-cita-brasil-entre-os-alvos-de-sua-nova-rodada-de-tarifas-que-chama-de-reciprocas-em-abril-67c82cd4d846d\">Source link <\/a><\/p>","protected":false},"excerpt":{"rendered":"<p>Em um discurso no Congresso dos Estados Unidos, que terminou em instantes, Donald Trump fez nova defesa de sua pol\u00edtica protecionista, com planos de aplicar uma s\u00e9rie de outras taxa\u00e7\u00f5es,&hellip;<\/p>","protected":false},"author":1,"featured_media":108397,"comment_status":"closed","ping_status":"open","sticky":false,"template":"","format":"standard","meta":{"content-type":"","footnotes":""},"categories":[16],"tags":[123,2448,5313,1267],"class_list":["post-108396","post","type-post","status-publish","format-standard","has-post-thumbnail","hentry","category-noticias","tag-brasil","tag-diario","tag-noticia","tag-noticias"],"_links":{"self":[{"href":"https:\/\/tvbrazilusa.com\/pt\/wp-json\/wp\/v2\/posts\/108396","targetHints":{"allow":["GET"]}}],"collection":[{"href":"https:\/\/tvbrazilusa.com\/pt\/wp-json\/wp\/v2\/posts"}],"about":[{"href":"https:\/\/tvbrazilusa.com\/pt\/wp-json\/wp\/v2\/types\/post"}],"author":[{"embeddable":true,"href":"https:\/\/tvbrazilusa.com\/pt\/wp-json\/wp\/v2\/users\/1"}],"replies":[{"embeddable":true,"href":"https:\/\/tvbrazilusa.com\/pt\/wp-json\/wp\/v2\/comments?post=108396"}],"version-history":[{"count":1,"href":"https:\/\/tvbrazilusa.com\/pt\/wp-json\/wp\/v2\/posts\/108396\/revisions"}],"predecessor-version":[{"id":108398,"href":"https:\/\/tvbrazilusa.com\/pt\/wp-json\/wp\/v2\/posts\/108396\/revisions\/108398"}],"wp:featuredmedia":[{"embeddable":true,"href":"https:\/\/tvbrazilusa.com\/pt\/wp-json\/wp\/v2\/media\/108397"}],"wp:attachment":[{"href":"https:\/\/tvbrazilusa.com\/pt\/wp-json\/wp\/v2\/media?parent=108396"}],"wp:term":[{"taxonomy":"category","embeddable":true,"href":"https:\/\/tvbrazilusa.com\/pt\/wp-json\/wp\/v2\/categories?post=108396"},{"taxonomy":"post_tag","embeddable":true,"href":"https:\/\/tvbrazilusa.com\/pt\/wp-json\/wp\/v2\/tags?post=108396"}],"curies":[{"name":"wp","href":"https:\/\/api.w.org\/{rel}","templated":true}]}}