{"id":108402,"date":"2025-03-05T11:30:03","date_gmt":"2025-03-05T11:30:03","guid":{"rendered":"https:\/\/tvbrazilusa.com\/2025\/03\/05\/deputado-republicano-arranca-cartaz-das-maos-da-deputada-democrata-que-dizia-isso-nao-e-normal-veja-video\/"},"modified":"2025-03-05T11:30:05","modified_gmt":"2025-03-05T11:30:05","slug":"deputado-republicano-arranca-cartaz-das-maos-da-deputada-democrata-que-dizia-isso-nao-e-normal-veja-video","status":"publish","type":"post","link":"https:\/\/tvbrazilusa.com\/pt\/2025\/03\/05\/deputado-republicano-arranca-cartaz-das-maos-da-deputada-democrata-que-dizia-isso-nao-e-normal-veja-video\/","title":{"rendered":"Deputado republicano arranca cartaz das m\u00e3os da deputada democrata que dizia, &#8216;isso n\u00e3o \u00e9 normal&#8217;; VEJA V\u00cdDEO"},"content":{"rendered":"<p> <script async src=\"https:\/\/pagead2.googlesyndication.com\/pagead\/js\/adsbygoogle.js?client=ca-pub-8864793242727901\"\r\n     crossorigin=\"anonymous\"><\/script><br \/>\n<br \/>Deputado republicano arranca cartaz das m\u00e3os da deputada democrata que dizia, \u201cisso n\u00e3o \u00e9 normal\u201d<br \/>\n<br \/><br \/>\n<br \/><a href=\"https:\/\/diariodobrasilnoticias.com.br\/noticia\/deputado-republicano-arranca-cartaz-das-maos-da-deputada-democrata-que-dizia-isso-nao-e-normal-veja-video-67c823dc5bfc5\">Source link <\/a><\/p>","protected":false},"excerpt":{"rendered":"<p>Deputado republicano arranca cartaz das m\u00e3os da deputada democrata que dizia, \u201cisso n\u00e3o \u00e9 normal\u201d Source link<\/p>","protected":false},"author":1,"featured_media":108403,"comment_status":"closed","ping_status":"open","sticky":false,"template":"","format":"standard","meta":{"content-type":"","footnotes":""},"categories":[16],"tags":[123,2448,5313,1267],"class_list":["post-108402","post","type-post","status-publish","format-standard","has-post-thumbnail","hentry","category-noticias","tag-brasil","tag-diario","tag-noticia","tag-noticias"],"_links":{"self":[{"href":"https:\/\/tvbrazilusa.com\/pt\/wp-json\/wp\/v2\/posts\/108402","targetHints":{"allow":["GET"]}}],"collection":[{"href":"https:\/\/tvbrazilusa.com\/pt\/wp-json\/wp\/v2\/posts"}],"about":[{"href":"https:\/\/tvbrazilusa.com\/pt\/wp-json\/wp\/v2\/types\/post"}],"author":[{"embeddable":true,"href":"https:\/\/tvbrazilusa.com\/pt\/wp-json\/wp\/v2\/users\/1"}],"replies":[{"embeddable":true,"href":"https:\/\/tvbrazilusa.com\/pt\/wp-json\/wp\/v2\/comments?post=108402"}],"version-history":[{"count":1,"href":"https:\/\/tvbrazilusa.com\/pt\/wp-json\/wp\/v2\/posts\/108402\/revisions"}],"predecessor-version":[{"id":108404,"href":"https:\/\/tvbrazilusa.com\/pt\/wp-json\/wp\/v2\/posts\/108402\/revisions\/108404"}],"wp:featuredmedia":[{"embeddable":true,"href":"https:\/\/tvbrazilusa.com\/pt\/wp-json\/wp\/v2\/media\/108403"}],"wp:attachment":[{"href":"https:\/\/tvbrazilusa.com\/pt\/wp-json\/wp\/v2\/media?parent=108402"}],"wp:term":[{"taxonomy":"category","embeddable":true,"href":"https:\/\/tvbrazilusa.com\/pt\/wp-json\/wp\/v2\/categories?post=108402"},{"taxonomy":"post_tag","embeddable":true,"href":"https:\/\/tvbrazilusa.com\/pt\/wp-json\/wp\/v2\/tags?post=108402"}],"curies":[{"name":"wp","href":"https:\/\/api.w.org\/{rel}","templated":true}]}}