{"id":108405,"date":"2025-03-05T11:44:29","date_gmt":"2025-03-05T11:44:29","guid":{"rendered":"https:\/\/tvbrazilusa.com\/2025\/03\/05\/trump-promete-eliminar-politicas-de-diversidade-e-reafirma-visao-conservadora-nos-eua-veja-video\/"},"modified":"2025-03-05T11:44:31","modified_gmt":"2025-03-05T11:44:31","slug":"trump-promete-eliminar-politicas-de-diversidade-e-reafirma-visao-conservadora-nos-eua-veja-video","status":"publish","type":"post","link":"https:\/\/tvbrazilusa.com\/pt\/2025\/03\/05\/trump-promete-eliminar-politicas-de-diversidade-e-reafirma-visao-conservadora-nos-eua-veja-video\/","title":{"rendered":"Trump promete eliminar pol\u00edticas de diversidade e reafirma vis\u00e3o conservadora nos EUA; VEJA V\u00cdDEO"},"content":{"rendered":"<p> <script async src=\"https:\/\/pagead2.googlesyndication.com\/pagead\/js\/adsbygoogle.js?client=ca-pub-8864793242727901\"\r\n     crossorigin=\"anonymous\"><\/script><br \/>\n<\/p>\n<div id=\"taboola-read-more\" style=\"display:block; width:100%\">\n<p>\u201cN\u00f3s acabamos com a tirania da chamada diversidade, equidade, inclus\u00e3o, e suas pol\u00edticas em todo o governo federal, no setor privado e, tamb\u00e9m, em nossas for\u00e7as militares. E nosso pa\u00eds n\u00e3o mais ser\u00e1 engajado no chamado \u2018woke\u2019. N\u00f3s acreditamos que voc\u00ea deve ser contratado baseado apenas nas suas habilidades e compet\u00eancias, e n\u00e3o por ra\u00e7a ou g\u00eanero. (&#8230;) N\u00f3s retiramos das nossas escolas p\u00fablicas o veneno da teoria de ra\u00e7a, e assinamos um decreto fazendo com que seja pol\u00edtica oficial nos Estados Unidos apenas dois g\u00eaneros: masculino e feminino\u201d, disse o presidente dos Estados Unidos, Donald Trump, em seu primeiro discurso no Congresso depois de eleito para o segundo mandato.\n<\/p>\n<p>ASSISTA:<\/p>\n<p>Fonte: Globo News              <\/p>\n<\/div>\n<p><br \/>\n<br \/><a href=\"https:\/\/diariodobrasilnoticias.com.br\/noticia\/trump-promete-eliminar-politicas-de-diversidade-e-reafirma-visao-conservadora-nos-eua-veja-video-67c8248497bac\">Source link <\/a><\/p>","protected":false},"excerpt":{"rendered":"<p>\u201cN\u00f3s acabamos com a tirania da chamada diversidade, equidade, inclus\u00e3o, e suas pol\u00edticas em todo o governo federal, no setor privado e, tamb\u00e9m, em nossas for\u00e7as militares. E nosso pa\u00eds&hellip;<\/p>","protected":false},"author":1,"featured_media":108406,"comment_status":"closed","ping_status":"open","sticky":false,"template":"","format":"standard","meta":{"content-type":"","footnotes":""},"categories":[16],"tags":[123,2448,5313,1267],"class_list":["post-108405","post","type-post","status-publish","format-standard","has-post-thumbnail","hentry","category-noticias","tag-brasil","tag-diario","tag-noticia","tag-noticias"],"_links":{"self":[{"href":"https:\/\/tvbrazilusa.com\/pt\/wp-json\/wp\/v2\/posts\/108405","targetHints":{"allow":["GET"]}}],"collection":[{"href":"https:\/\/tvbrazilusa.com\/pt\/wp-json\/wp\/v2\/posts"}],"about":[{"href":"https:\/\/tvbrazilusa.com\/pt\/wp-json\/wp\/v2\/types\/post"}],"author":[{"embeddable":true,"href":"https:\/\/tvbrazilusa.com\/pt\/wp-json\/wp\/v2\/users\/1"}],"replies":[{"embeddable":true,"href":"https:\/\/tvbrazilusa.com\/pt\/wp-json\/wp\/v2\/comments?post=108405"}],"version-history":[{"count":1,"href":"https:\/\/tvbrazilusa.com\/pt\/wp-json\/wp\/v2\/posts\/108405\/revisions"}],"predecessor-version":[{"id":108407,"href":"https:\/\/tvbrazilusa.com\/pt\/wp-json\/wp\/v2\/posts\/108405\/revisions\/108407"}],"wp:featuredmedia":[{"embeddable":true,"href":"https:\/\/tvbrazilusa.com\/pt\/wp-json\/wp\/v2\/media\/108406"}],"wp:attachment":[{"href":"https:\/\/tvbrazilusa.com\/pt\/wp-json\/wp\/v2\/media?parent=108405"}],"wp:term":[{"taxonomy":"category","embeddable":true,"href":"https:\/\/tvbrazilusa.com\/pt\/wp-json\/wp\/v2\/categories?post=108405"},{"taxonomy":"post_tag","embeddable":true,"href":"https:\/\/tvbrazilusa.com\/pt\/wp-json\/wp\/v2\/tags?post=108405"}],"curies":[{"name":"wp","href":"https:\/\/api.w.org\/{rel}","templated":true}]}}