{"id":108408,"date":"2025-03-05T11:57:39","date_gmt":"2025-03-05T11:57:39","guid":{"rendered":"https:\/\/tvbrazilusa.com\/2025\/03\/05\/discurso-de-trump-e-extremamente-duro-com-funcionarios-de-carreira-que-nao-querem-seguir-seu-comando-serao-demitidos-veja-video\/"},"modified":"2025-03-05T11:57:40","modified_gmt":"2025-03-05T11:57:40","slug":"discurso-de-trump-e-extremamente-duro-com-funcionarios-de-carreira-que-nao-querem-seguir-seu-comando-serao-demitidos-veja-video","status":"publish","type":"post","link":"https:\/\/tvbrazilusa.com\/pt\/2025\/03\/05\/discurso-de-trump-e-extremamente-duro-com-funcionarios-de-carreira-que-nao-querem-seguir-seu-comando-serao-demitidos-veja-video\/","title":{"rendered":"Discurso de Trump \u00e9 extremamente duro com funcion\u00e1rios de carreira que n\u00e3o querem seguir seu comando: &#8216;ser\u00e3o demitidos&#8217;; VEJA V\u00cdDEO"},"content":{"rendered":"<p> <script async src=\"https:\/\/pagead2.googlesyndication.com\/pagead\/js\/adsbygoogle.js?client=ca-pub-8864793242727901\"\r\n     crossorigin=\"anonymous\"><\/script><br \/>\n<br \/>Discurso de Trump \u00e9 extremamente duro com funcion\u00e1rios de carreira que n\u00e3o querem seguir seu comando: &#8216;ser\u00e3o demitidos&#8217;; VEJA V\u00cdDEO<br \/>\n<br \/><br \/>\n<br \/><a href=\"https:\/\/diariodobrasilnoticias.com.br\/noticia\/discurso-de-trump-e-extremamente-duro-com-funcionarios-de-carreira-que-nao-querem-seguir-seu-comando-serao-demitidos-veja-video-67c82550b30e3\">Source link <\/a><\/p>","protected":false},"excerpt":{"rendered":"<p>Discurso de Trump \u00e9 extremamente duro com funcion\u00e1rios de carreira que n\u00e3o querem seguir seu comando: &#8216;ser\u00e3o demitidos&#8217;; VEJA V\u00cdDEO Source link<\/p>","protected":false},"author":1,"featured_media":108409,"comment_status":"closed","ping_status":"open","sticky":false,"template":"","format":"standard","meta":{"content-type":"","footnotes":""},"categories":[16],"tags":[123,2448,5313,1267],"class_list":["post-108408","post","type-post","status-publish","format-standard","has-post-thumbnail","hentry","category-noticias","tag-brasil","tag-diario","tag-noticia","tag-noticias"],"_links":{"self":[{"href":"https:\/\/tvbrazilusa.com\/pt\/wp-json\/wp\/v2\/posts\/108408","targetHints":{"allow":["GET"]}}],"collection":[{"href":"https:\/\/tvbrazilusa.com\/pt\/wp-json\/wp\/v2\/posts"}],"about":[{"href":"https:\/\/tvbrazilusa.com\/pt\/wp-json\/wp\/v2\/types\/post"}],"author":[{"embeddable":true,"href":"https:\/\/tvbrazilusa.com\/pt\/wp-json\/wp\/v2\/users\/1"}],"replies":[{"embeddable":true,"href":"https:\/\/tvbrazilusa.com\/pt\/wp-json\/wp\/v2\/comments?post=108408"}],"version-history":[{"count":1,"href":"https:\/\/tvbrazilusa.com\/pt\/wp-json\/wp\/v2\/posts\/108408\/revisions"}],"predecessor-version":[{"id":108410,"href":"https:\/\/tvbrazilusa.com\/pt\/wp-json\/wp\/v2\/posts\/108408\/revisions\/108410"}],"wp:featuredmedia":[{"embeddable":true,"href":"https:\/\/tvbrazilusa.com\/pt\/wp-json\/wp\/v2\/media\/108409"}],"wp:attachment":[{"href":"https:\/\/tvbrazilusa.com\/pt\/wp-json\/wp\/v2\/media?parent=108408"}],"wp:term":[{"taxonomy":"category","embeddable":true,"href":"https:\/\/tvbrazilusa.com\/pt\/wp-json\/wp\/v2\/categories?post=108408"},{"taxonomy":"post_tag","embeddable":true,"href":"https:\/\/tvbrazilusa.com\/pt\/wp-json\/wp\/v2\/tags?post=108408"}],"curies":[{"name":"wp","href":"https:\/\/api.w.org\/{rel}","templated":true}]}}