{"id":108411,"date":"2025-03-05T12:16:35","date_gmt":"2025-03-05T12:16:35","guid":{"rendered":"https:\/\/tvbrazilusa.com\/2025\/03\/05\/inusitado-cidade-do-interior-de-sao-paulo-tem-lei-que-proibe-melancia-entenda\/"},"modified":"2025-03-05T12:16:36","modified_gmt":"2025-03-05T12:16:36","slug":"inusitado-cidade-do-interior-de-sao-paulo-tem-lei-que-proibe-melancia-entenda","status":"publish","type":"post","link":"https:\/\/tvbrazilusa.com\/pt\/2025\/03\/05\/inusitado-cidade-do-interior-de-sao-paulo-tem-lei-que-proibe-melancia-entenda\/","title":{"rendered":"INUSITADO: Cidade do interior de S\u00e3o Paulo tem lei que pro\u00edbe melancia; entenda"},"content":{"rendered":"<p> <script async src=\"https:\/\/pagead2.googlesyndication.com\/pagead\/js\/adsbygoogle.js?client=ca-pub-8864793242727901\"\r\n     crossorigin=\"anonymous\"><\/script><br \/>\n<\/p>\n<div id=\"taboola-read-more\" style=\"display:block; width:100%\">\n<p>Um munic\u00edpio do interior paulista n\u00e3o recebe t\u00e3o bem uma das frutas mais populares e vendidas do Brasil. A cidade \u00e9 Rio Claro, a cerca de 170 quil\u00f4metros\u00a0da capital paulista, criou uma lei para proibir a comercializa\u00e7\u00e3o e o consumo da melancia.\n<\/p>\n<p>No passado, a lei completou 130 anos. Foi criada em 30 de novembro de 1894 e \u00e9 localizada no primeiro livro de leis da cidade, presente no Arquivo P\u00fablico e Hist\u00f3rico do munic\u00edpio.<\/p>\n<p>Mesmo tendo car\u00e1ter oficial e ainda est\u00e1 valendo, muitos moradores de Rio Claro descumprem a regra e consomem a fruta. As informa\u00e7\u00f5es foram divulgadas pelo &#8220;Di\u00e1rio do Litoral&#8221;.\u00a0\n<\/p>\n<p>Veja quais frutas ficaram mais caras com alta da infla\u00e7\u00e3o<br \/>Estas 10 frutas nativas brasileiras s\u00e3o ricas em antioxidantes<br \/>O decreto foi criado com a justificativa de risco \u00e0 sa\u00fade que a melancia \u201ccausava\u201d. A fruta era &#8211; de forma err\u00f4nea &#8211; ligada \u00e0 transmiss\u00e3o da febre amarela no s\u00e9culo 19.\n<\/p>\n<p>Mesmo com a confirma\u00e7\u00e3o de que o alimento n\u00e3o causa a doen\u00e7a, a lei continuou em vigor. S\u00f3 este ano, cinco mortes causadas pela doen\u00e7a foram confirmadas e nada tinha a ver com a fruta.\u00a0\n<\/p>\n<p>Desta forma, em teoria, uma pessoa que descumprir a medida tem a chance de ser punida. No entanto, de acordo com Supremo Tribunal Federal (STF), nos novos moldes da sociedade, isso dificilmente acontecer\u00e1 na pr\u00e1tica.<\/p>\n<p>Fonte: Gazeta SP              <\/p>\n<\/div>\n<p><br \/>\n<br \/><a href=\"https:\/\/diariodobrasilnoticias.com.br\/noticia\/inusitado-cidade-do-interior-de-sao-paulo-tem-lei-que-proibe-melancia-entenda-67c83626c583c\">Source link <\/a><\/p>","protected":false},"excerpt":{"rendered":"<p>Um munic\u00edpio do interior paulista n\u00e3o recebe t\u00e3o bem uma das frutas mais populares e vendidas do Brasil. A cidade \u00e9 Rio Claro, a cerca de 170 quil\u00f4metros\u00a0da capital paulista,&hellip;<\/p>","protected":false},"author":1,"featured_media":108412,"comment_status":"closed","ping_status":"open","sticky":false,"template":"","format":"standard","meta":{"content-type":"","footnotes":""},"categories":[16],"tags":[123,2448,5313,1267],"class_list":["post-108411","post","type-post","status-publish","format-standard","has-post-thumbnail","hentry","category-noticias","tag-brasil","tag-diario","tag-noticia","tag-noticias"],"_links":{"self":[{"href":"https:\/\/tvbrazilusa.com\/pt\/wp-json\/wp\/v2\/posts\/108411","targetHints":{"allow":["GET"]}}],"collection":[{"href":"https:\/\/tvbrazilusa.com\/pt\/wp-json\/wp\/v2\/posts"}],"about":[{"href":"https:\/\/tvbrazilusa.com\/pt\/wp-json\/wp\/v2\/types\/post"}],"author":[{"embeddable":true,"href":"https:\/\/tvbrazilusa.com\/pt\/wp-json\/wp\/v2\/users\/1"}],"replies":[{"embeddable":true,"href":"https:\/\/tvbrazilusa.com\/pt\/wp-json\/wp\/v2\/comments?post=108411"}],"version-history":[{"count":1,"href":"https:\/\/tvbrazilusa.com\/pt\/wp-json\/wp\/v2\/posts\/108411\/revisions"}],"predecessor-version":[{"id":108413,"href":"https:\/\/tvbrazilusa.com\/pt\/wp-json\/wp\/v2\/posts\/108411\/revisions\/108413"}],"wp:featuredmedia":[{"embeddable":true,"href":"https:\/\/tvbrazilusa.com\/pt\/wp-json\/wp\/v2\/media\/108412"}],"wp:attachment":[{"href":"https:\/\/tvbrazilusa.com\/pt\/wp-json\/wp\/v2\/media?parent=108411"}],"wp:term":[{"taxonomy":"category","embeddable":true,"href":"https:\/\/tvbrazilusa.com\/pt\/wp-json\/wp\/v2\/categories?post=108411"},{"taxonomy":"post_tag","embeddable":true,"href":"https:\/\/tvbrazilusa.com\/pt\/wp-json\/wp\/v2\/tags?post=108411"}],"curies":[{"name":"wp","href":"https:\/\/api.w.org\/{rel}","templated":true}]}}