{"id":108420,"date":"2025-03-05T12:54:56","date_gmt":"2025-03-05T12:54:56","guid":{"rendered":"https:\/\/tvbrazilusa.com\/2025\/03\/05\/homem-denuncia-furto-de-carro-mas-policia-descobre-que-ele-esqueceu-onde-estacionou\/"},"modified":"2025-03-05T12:54:57","modified_gmt":"2025-03-05T12:54:57","slug":"homem-denuncia-furto-de-carro-mas-policia-descobre-que-ele-esqueceu-onde-estacionou","status":"publish","type":"post","link":"https:\/\/tvbrazilusa.com\/pt\/2025\/03\/05\/homem-denuncia-furto-de-carro-mas-policia-descobre-que-ele-esqueceu-onde-estacionou\/","title":{"rendered":"Homem denuncia furto de carro, mas pol\u00edcia descobre que ele esqueceu onde estacionou"},"content":{"rendered":"<p> <script async src=\"https:\/\/pagead2.googlesyndication.com\/pagead\/js\/adsbygoogle.js?client=ca-pub-8864793242727901\"\r\n     crossorigin=\"anonymous\"><\/script><br \/>\n<\/p>\n<div id=\"taboola-read-more\" style=\"display:block; width:100%\">\n<p>Um homem procurou a Pol\u00edcia Militar (PM) em Cl\u00e1udio, no Centro-Oeste de Minas, para denunciar que teve o carro furtado. No entanto, os policiais descobriram que o motorista simplesmente havia esquecido onde estacionou o ve\u00edculo. O desfecho rendeu a ele uma pris\u00e3o por falsa comunica\u00e7\u00e3o de crime.\n<\/p>\n<p>Segundo a PM, o homem \u2014 que n\u00e3o teve a idade divulgada \u2014 foi at\u00e9 o quartel na noite do \u00faltimo domingo (2) e afirmou que havia deixado o carro na Avenida Coronel Joaquim da Silva Guimar\u00e3es, pr\u00f3ximo \u00e0 esquina com a Avenida Presidente Tancredo Neves, por volta das 23h30.<\/p>\n<p>Ele contou que saiu para uma festa de carnaval e, ao retornar durante a madrugada, n\u00e3o encontrou o ve\u00edculo onde acreditava ter estacionado.\n<\/p>\n<p>Desesperado, percorreu a cidade em busca do carro, mas n\u00e3o acionou a PM nem ligou para o 190, pois achou que o quartel estava fechado. Tamb\u00e9m disse que passou em frente \u00e0 delegacia da Pol\u00edcia Civil e viu a unidade fechada.\n<\/p>\n<p>Os militares iniciaram as buscas e, pouco tempo depois, encontraram o carro estacionado em frente a uma igreja na Pra\u00e7a Ex-Combatentes. Ao verificarem as imagens do sistema de seguran\u00e7a do Projeto \u00c1guia, constataram que o pr\u00f3prio motorista havia estacionado o ve\u00edculo no local por volta de 1h55.\n<\/p>\n<p>Ainda segundo a PM, as imagens comprovaram que, em nenhum momento, o carro foi furtado. Al\u00e9m disso, ele vestia as mesmas roupas de quando foi ao quartel para registrar a queixa.\n<\/p>\n<p>Diante disso, o homem admitiu que deixou o ve\u00edculo na Avenida Coronel Joaquim da Silva Guimar\u00e3es, mas saiu para ir para casa e, ao voltar, n\u00e3o se lembrava que havia estacionado em outro local.\n<\/p>\n<p>Ele recebeu voz de pris\u00e3o e foi encaminhado para a delegacia, onde assinou um Termo Circunstanciado de Ocorr\u00eancia (TCO) e foi liberado. J\u00e1 o carro foi apreendido e levado para um p\u00e1tio credenciado ao Detran-MG.\n<\/p>\n<p>Fonte: g1              <\/p>\n<\/div>\n<p><br \/>\n<br \/><a href=\"https:\/\/diariodobrasilnoticias.com.br\/noticia\/homem-denuncia-furto-de-carro-mas-policia-descobre-que-ele-esqueceu-onde-estacionou-67c83827cbe0d\">Source link <\/a><\/p>","protected":false},"excerpt":{"rendered":"<p>Um homem procurou a Pol\u00edcia Militar (PM) em Cl\u00e1udio, no Centro-Oeste de Minas, para denunciar que teve o carro furtado. No entanto, os policiais descobriram que o motorista simplesmente havia&hellip;<\/p>","protected":false},"author":1,"featured_media":108421,"comment_status":"closed","ping_status":"open","sticky":false,"template":"","format":"standard","meta":{"content-type":"","footnotes":""},"categories":[16],"tags":[123,2448,5313,1267],"class_list":["post-108420","post","type-post","status-publish","format-standard","has-post-thumbnail","hentry","category-noticias","tag-brasil","tag-diario","tag-noticia","tag-noticias"],"_links":{"self":[{"href":"https:\/\/tvbrazilusa.com\/pt\/wp-json\/wp\/v2\/posts\/108420","targetHints":{"allow":["GET"]}}],"collection":[{"href":"https:\/\/tvbrazilusa.com\/pt\/wp-json\/wp\/v2\/posts"}],"about":[{"href":"https:\/\/tvbrazilusa.com\/pt\/wp-json\/wp\/v2\/types\/post"}],"author":[{"embeddable":true,"href":"https:\/\/tvbrazilusa.com\/pt\/wp-json\/wp\/v2\/users\/1"}],"replies":[{"embeddable":true,"href":"https:\/\/tvbrazilusa.com\/pt\/wp-json\/wp\/v2\/comments?post=108420"}],"version-history":[{"count":1,"href":"https:\/\/tvbrazilusa.com\/pt\/wp-json\/wp\/v2\/posts\/108420\/revisions"}],"predecessor-version":[{"id":108422,"href":"https:\/\/tvbrazilusa.com\/pt\/wp-json\/wp\/v2\/posts\/108420\/revisions\/108422"}],"wp:featuredmedia":[{"embeddable":true,"href":"https:\/\/tvbrazilusa.com\/pt\/wp-json\/wp\/v2\/media\/108421"}],"wp:attachment":[{"href":"https:\/\/tvbrazilusa.com\/pt\/wp-json\/wp\/v2\/media?parent=108420"}],"wp:term":[{"taxonomy":"category","embeddable":true,"href":"https:\/\/tvbrazilusa.com\/pt\/wp-json\/wp\/v2\/categories?post=108420"},{"taxonomy":"post_tag","embeddable":true,"href":"https:\/\/tvbrazilusa.com\/pt\/wp-json\/wp\/v2\/tags?post=108420"}],"curies":[{"name":"wp","href":"https:\/\/api.w.org\/{rel}","templated":true}]}}