{"id":108426,"date":"2025-03-05T13:25:14","date_gmt":"2025-03-05T13:25:14","guid":{"rendered":"https:\/\/tvbrazilusa.com\/2025\/03\/05\/deputado-descontrolado-da-esquerda-e-retirado-do-congresso-apos-interromper-presidente-trump-veja-video\/"},"modified":"2025-03-05T13:25:16","modified_gmt":"2025-03-05T13:25:16","slug":"deputado-descontrolado-da-esquerda-e-retirado-do-congresso-apos-interromper-presidente-trump-veja-video","status":"publish","type":"post","link":"https:\/\/tvbrazilusa.com\/pt\/2025\/03\/05\/deputado-descontrolado-da-esquerda-e-retirado-do-congresso-apos-interromper-presidente-trump-veja-video\/","title":{"rendered":"Deputado descontrolado da esquerda \u00e9 retirado do congresso ap\u00f3s interromper presidente Trump; Veja v\u00eddeo"},"content":{"rendered":"<p> <script async src=\"https:\/\/pagead2.googlesyndication.com\/pagead\/js\/adsbygoogle.js?client=ca-pub-8864793242727901\"\r\n     crossorigin=\"anonymous\"><\/script><br \/>\n<\/p>\n<div id=\"taboola-read-more\" style=\"display:block; width:100%\">\n<p>Em meio ao discurso do presidente Donald Trump, o presidente da C\u00e2mara dos Representantes dos Estados Unidos, Mike Johnson, ordenou a sa\u00edda do congressista Al Green do Plen\u00e1rio.<\/p>\n<p>\u201cCaso o senhor continue causando estas interrup\u00e7\u00f5es, pediremos que a guarda do Congresso restaure a ordem e voc\u00ea seja retirado da C\u00e2mara\u201d, disse Johnson, ap\u00f3s pedir que Al Green se sentasse.<\/p>\n<p>Logo ap\u00f3s, o congressista democrata do Texas gesticulou com sua bengala em dire\u00e7\u00e3o a Johnson e Trump e saiu do plen\u00e1rio acompanhado de funcion\u00e1rios da Casa.<\/p>\n<p>Em conex\u00e3o com a CNN Internacional, a CNN Brasil transmite ao vivo e com tradu\u00e7\u00e3o simult\u00e2nea o discurso do presidente Trump ao Congresso.\u00a0\n<\/p>\n<p>ASSISTA:<\/p>\n<p>Fonte: CNN              <\/p>\n<\/div>\n<p><br \/>\n<br \/><a href=\"https:\/\/diariodobrasilnoticias.com.br\/noticia\/deputado-descontrolado-da-esquerda-e-retirado-do-congresso-apos-interromper-presidente-trump-veja-video-67c8289499eb6\">Source link <\/a><\/p>","protected":false},"excerpt":{"rendered":"<p>Em meio ao discurso do presidente Donald Trump, o presidente da C\u00e2mara dos Representantes dos Estados Unidos, Mike Johnson, ordenou a sa\u00edda do congressista Al Green do Plen\u00e1rio. \u201cCaso o&hellip;<\/p>","protected":false},"author":1,"featured_media":108427,"comment_status":"closed","ping_status":"open","sticky":false,"template":"","format":"standard","meta":{"content-type":"","footnotes":""},"categories":[16],"tags":[123,2448,5313,1267],"class_list":["post-108426","post","type-post","status-publish","format-standard","has-post-thumbnail","hentry","category-noticias","tag-brasil","tag-diario","tag-noticia","tag-noticias"],"_links":{"self":[{"href":"https:\/\/tvbrazilusa.com\/pt\/wp-json\/wp\/v2\/posts\/108426","targetHints":{"allow":["GET"]}}],"collection":[{"href":"https:\/\/tvbrazilusa.com\/pt\/wp-json\/wp\/v2\/posts"}],"about":[{"href":"https:\/\/tvbrazilusa.com\/pt\/wp-json\/wp\/v2\/types\/post"}],"author":[{"embeddable":true,"href":"https:\/\/tvbrazilusa.com\/pt\/wp-json\/wp\/v2\/users\/1"}],"replies":[{"embeddable":true,"href":"https:\/\/tvbrazilusa.com\/pt\/wp-json\/wp\/v2\/comments?post=108426"}],"version-history":[{"count":1,"href":"https:\/\/tvbrazilusa.com\/pt\/wp-json\/wp\/v2\/posts\/108426\/revisions"}],"predecessor-version":[{"id":108428,"href":"https:\/\/tvbrazilusa.com\/pt\/wp-json\/wp\/v2\/posts\/108426\/revisions\/108428"}],"wp:featuredmedia":[{"embeddable":true,"href":"https:\/\/tvbrazilusa.com\/pt\/wp-json\/wp\/v2\/media\/108427"}],"wp:attachment":[{"href":"https:\/\/tvbrazilusa.com\/pt\/wp-json\/wp\/v2\/media?parent=108426"}],"wp:term":[{"taxonomy":"category","embeddable":true,"href":"https:\/\/tvbrazilusa.com\/pt\/wp-json\/wp\/v2\/categories?post=108426"},{"taxonomy":"post_tag","embeddable":true,"href":"https:\/\/tvbrazilusa.com\/pt\/wp-json\/wp\/v2\/tags?post=108426"}],"curies":[{"name":"wp","href":"https:\/\/api.w.org\/{rel}","templated":true}]}}